{"id":2226,"date":"2021-10-04T11:09:07","date_gmt":"2021-10-04T14:09:07","guid":{"rendered":"http:\/\/cultura.sma.gob.ar\/?p=2226"},"modified":"2021-10-06T08:47:39","modified_gmt":"2021-10-06T11:47:39","slug":"estos-son-los-stands-que-estaran-presentes-en-la-feria-regional-del-libro","status":"publish","type":"post","link":"https:\/\/cultura.sma.gob.ar\/?p=2226","title":{"rendered":"Estos son los Stands que estar\u00e1n presentes en la Feria Regional del Libro"},"content":{"rendered":"\n<p>LA PALESTRA EDICIONES<br>RAYEN PATAGONIA<br>LA BALLENITA DE TANTOSMUNDOS<br>LIBRER\u00cdA VISI\u00d3N LIBROS<br>LIBRER\u00cdA LIBROS SABER<br>MUSEO MAR\u00cdTIMO DE USHUAIA<br>INVENTAR UN P\u00c1JARO<br>BIBLIOTECAS POPULARES 9 DE JULIO Y 4 DE FEBRERO<br>BIBLIOTECA POPULAR RUCA TRABUN<br>EDITORIAL TINTAL<br>LA PERLA LIBROS<br>EDITORIAL Y LIBRER\u00cdA LA GRIETA<br>\u00a0UNIDAD MUNICIPAL DE CULTO<br>LA PUNTA DEL OVILLO EDITORIAL<br>EDITORIAL MARISCAL<br>CONVENCI\u00d3N DE HISTORIETAS DE SAN MART\u00cdN DE LOS ANDES<br>BIBLIOTECA UNIVERSITARIA \u201cMARIO GENTILI\u201d<br>LIBRER\u00cdA MYTHOS<br>BIBLIOTECA POPULAR LA CASCADA<br>LIBRER\u00cdA SIN NOMBRE<br>BIBLIOTECA ESPECIALIZADA DEL PARQUE NACIONAL LAN\u00cdN<br>STAND DE LA FERIA REGIONAL DEL LIBRO<br>EDITORIAL BONSAI<br>DIRECCI\u00d3N MUNICIPAL DE G\u00c9NERO Y DD.HH<\/p>\n\n\n\n<figure class=\"wp-block-image size-large\"><img loading=\"lazy\" decoding=\"async\" width=\"1024\" height=\"1024\" src=\"http:\/\/cultura.sma.gob.ar\/wp-content\/uploads\/2021\/10\/grafica-para-hashtag-a-medida-04-1024x1024.jpg\" alt=\"\" class=\"wp-image-2579\" srcset=\"https:\/\/cultura.sma.gob.ar\/wp-content\/uploads\/2021\/10\/grafica-para-hashtag-a-medida-04-1024x1024.jpg 1024w, https:\/\/cultura.sma.gob.ar\/wp-content\/uploads\/2021\/10\/grafica-para-hashtag-a-medida-04-300x300.jpg 300w, https:\/\/cultura.sma.gob.ar\/wp-content\/uploads\/2021\/10\/grafica-para-hashtag-a-medida-04-150x150.jpg 150w, https:\/\/cultura.sma.gob.ar\/wp-content\/uploads\/2021\/10\/grafica-para-hashtag-a-medida-04-768x768.jpg 768w, https:\/\/cultura.sma.gob.ar\/wp-content\/uploads\/2021\/10\/grafica-para-hashtag-a-medida-04-1536x1536.jpg 1536w, https:\/\/cultura.sma.gob.ar\/wp-content\/uploads\/2021\/10\/grafica-para-hashtag-a-medida-04-90x90.jpg 90w, https:\/\/cultura.sma.gob.ar\/wp-content\/uploads\/2021\/10\/grafica-para-hashtag-a-medida-04.jpg 1875w\" sizes=\"auto, (max-width: 1024px) 100vw, 1024px\" \/><\/figure>\n\n\n\n<p><\/p>\n","protected":false},"excerpt":{"rendered":"<p>Listado completo de librerias y organizaciones que participan con stands en esta edicion de la Feria Regional del libro  <a href=\"https:\/\/cultura.sma.gob.ar\/?p=2226\" class=\"more-link\">Continue reading <span class=\"screen-reader-text\">Estos son los Stands que estar\u00e1n presentes en la Feria Regional del Libro<\/span><\/a><\/p>\n","protected":false},"author":1,"featured_media":2578,"comment_status":"closed","ping_status":"","sticky":false,"template":"","format":"image","meta":{"footnotes":""},"categories":[3,9],"tags":[67],"class_list":["post-2226","post","type-post","status-publish","format-image","has-post-thumbnail","hentry","category-eventos-cultura","category-ultimas-noticias","tag-feria-del-libro","post_format-post-format-image"],"_links":{"self":[{"href":"https:\/\/cultura.sma.gob.ar\/index.php?rest_route=\/wp\/v2\/posts\/2226","targetHints":{"allow":["GET"]}}],"collection":[{"href":"https:\/\/cultura.sma.gob.ar\/index.php?rest_route=\/wp\/v2\/posts"}],"about":[{"href":"https:\/\/cultura.sma.gob.ar\/index.php?rest_route=\/wp\/v2\/types\/post"}],"author":[{"embeddable":true,"href":"https:\/\/cultura.sma.gob.ar\/index.php?rest_route=\/wp\/v2\/users\/1"}],"replies":[{"embeddable":true,"href":"https:\/\/cultura.sma.gob.ar\/index.php?rest_route=%2Fwp%2Fv2%2Fcomments&post=2226"}],"version-history":[{"count":2,"href":"https:\/\/cultura.sma.gob.ar\/index.php?rest_route=\/wp\/v2\/posts\/2226\/revisions"}],"predecessor-version":[{"id":2580,"href":"https:\/\/cultura.sma.gob.ar\/index.php?rest_route=\/wp\/v2\/posts\/2226\/revisions\/2580"}],"wp:featuredmedia":[{"embeddable":true,"href":"https:\/\/cultura.sma.gob.ar\/index.php?rest_route=\/wp\/v2\/media\/2578"}],"wp:attachment":[{"href":"https:\/\/cultura.sma.gob.ar\/index.php?rest_route=%2Fwp%2Fv2%2Fmedia&parent=2226"}],"wp:term":[{"taxonomy":"category","embeddable":true,"href":"https:\/\/cultura.sma.gob.ar\/index.php?rest_route=%2Fwp%2Fv2%2Fcategories&post=2226"},{"taxonomy":"post_tag","embeddable":true,"href":"https:\/\/cultura.sma.gob.ar\/index.php?rest_route=%2Fwp%2Fv2%2Ftags&post=2226"}],"curies":[{"name":"wp","href":"https:\/\/api.w.org\/{rel}","templated":true}]}}