{"id":2217,"date":"2021-09-29T08:46:23","date_gmt":"2021-09-29T11:46:23","guid":{"rendered":"http:\/\/cultura.sma.gob.ar\/?p=2217"},"modified":"2021-09-29T08:46:23","modified_gmt":"2021-09-29T11:46:23","slug":"convocatoria-abierta-para-participar-del-festival-de-circo-de-san-martin-de-los-andes","status":"publish","type":"post","link":"https:\/\/cultura.sma.gob.ar\/?p=2217","title":{"rendered":"Convocatoria abierta para participar del Festival de Circo de San Mart\u00edn de los Andes"},"content":{"rendered":"\n<p>La Secretar\u00eda de Cultura de la Municipalidad de San Mart\u00edn de los Andes informa que est\u00e1 abierta la <strong>convocatoria dirigida a compa\u00f1\u00edas o grupos de espect\u00e1culos circenses del pa\u00eds <\/strong>que quieran participar en el programa del <strong>8\u00ba Festival de Circo<\/strong>.<\/p>\n\n\n\n<p>El Festival se realizar\u00e1 en una carpa de circo, emplazada en el centro de la ciudad y cumpliendo con el protocolo sanitario vigente, desde el <strong>24 al 28\u00a0 de noviembre <\/strong>de 2021.\u00a0<\/p>\n\n\n\n<figure class=\"wp-block-image size-large\"><img loading=\"lazy\" decoding=\"async\" width=\"1024\" height=\"1024\" src=\"http:\/\/cultura.sma.gob.ar\/wp-content\/uploads\/2021\/09\/Screenshot_20210929-083154_Instagram-1024x1024.jpg\" alt=\"\" class=\"wp-image-2219\" srcset=\"https:\/\/cultura.sma.gob.ar\/wp-content\/uploads\/2021\/09\/Screenshot_20210929-083154_Instagram-1024x1024.jpg 1024w, https:\/\/cultura.sma.gob.ar\/wp-content\/uploads\/2021\/09\/Screenshot_20210929-083154_Instagram-300x300.jpg 300w, https:\/\/cultura.sma.gob.ar\/wp-content\/uploads\/2021\/09\/Screenshot_20210929-083154_Instagram-150x150.jpg 150w, https:\/\/cultura.sma.gob.ar\/wp-content\/uploads\/2021\/09\/Screenshot_20210929-083154_Instagram-768x768.jpg 768w, https:\/\/cultura.sma.gob.ar\/wp-content\/uploads\/2021\/09\/Screenshot_20210929-083154_Instagram-90x90.jpg 90w, https:\/\/cultura.sma.gob.ar\/wp-content\/uploads\/2021\/09\/Screenshot_20210929-083154_Instagram.jpg 1069w\" sizes=\"auto, (max-width: 1024px) 100vw, 1024px\" \/><\/figure>\n\n\n\n<p>Se ofrecer\u00e1n 12 funciones gratuitas a 3.000 ni\u00f1as y ni\u00f1os de jardines de infantes y escuelas primarias. Tambi\u00e9n habr\u00e1 2 \u201cnoches de gala\u201d para toda la familia.&nbsp;<\/p>\n\n\n\n<p>Las compa\u00f1\u00edas o grupos interesados en participar deber\u00e1n enviar por mail a <a href=\"mailto:eventos.cultura@smandes.gov.ar\">eventos.cultura@smandes.gov.ar<\/a> la informaci\u00f3n que se solicita a continuaci\u00f3n, <strong>hasta el 17 de octubre de 2021<\/strong>:<\/p>\n\n\n\n<p>&#8211; Datos de contacto&nbsp; de la compa\u00f1\u00eda\/grupo<\/p>\n\n\n\n<p>&#8211; Constancia de inscripci\u00f3n en AFIP (ESTA CONDICI\u00d3N ES EXCLUYENTE)<\/p>\n\n\n\n<p>&#8211; Dossier del espect\u00e1culo (duraci\u00f3n: no mayor a 15 minutos)<\/p>\n\n\n\n<p>&#8211; Ficha t\u00e9cnica (Nombre de fantas\u00eda, olcalidad de procedencia, datos de los integrantes, necesidades t\u00e9cnicas)<\/p>\n\n\n\n<p>&#8211; Video referencial (a trav\u00e9s de un link a Youtube u otra plataforma virtual, o bien enviando un archivo mediante Wetransfer).<\/p>\n\n\n\n<div class=\"wp-block-image\"><figure class=\"aligncenter size-large\"><img loading=\"lazy\" decoding=\"async\" width=\"1024\" height=\"1024\" src=\"http:\/\/cultura.sma.gob.ar\/wp-content\/uploads\/2021\/09\/Screenshot_20210929-083134_Instagram-1024x1024.jpg\" alt=\"\" class=\"wp-image-2220\" srcset=\"https:\/\/cultura.sma.gob.ar\/wp-content\/uploads\/2021\/09\/Screenshot_20210929-083134_Instagram-1024x1024.jpg 1024w, https:\/\/cultura.sma.gob.ar\/wp-content\/uploads\/2021\/09\/Screenshot_20210929-083134_Instagram-300x300.jpg 300w, https:\/\/cultura.sma.gob.ar\/wp-content\/uploads\/2021\/09\/Screenshot_20210929-083134_Instagram-150x150.jpg 150w, https:\/\/cultura.sma.gob.ar\/wp-content\/uploads\/2021\/09\/Screenshot_20210929-083134_Instagram-768x768.jpg 768w, https:\/\/cultura.sma.gob.ar\/wp-content\/uploads\/2021\/09\/Screenshot_20210929-083134_Instagram-90x90.jpg 90w, https:\/\/cultura.sma.gob.ar\/wp-content\/uploads\/2021\/09\/Screenshot_20210929-083134_Instagram.jpg 1079w\" sizes=\"auto, (max-width: 1024px) 100vw, 1024px\" \/><\/figure><\/div>\n\n\n\n<p>El 8\u00ba Festival de Circo tambi\u00e9n incluir\u00e1 a compa\u00f1\u00edas de San Mart\u00edn y Jun\u00edn de los Andes. Esta convocatoria espec\u00edfica se difundir\u00e1 en los pr\u00f3ximos d\u00edas.<\/p>\n","protected":false},"excerpt":{"rendered":"<p>Convocatoria abierta a todo el pa\u00eds hasta el 17 de octubre. <a href=\"https:\/\/cultura.sma.gob.ar\/?p=2217\" class=\"more-link\">Continue reading <span class=\"screen-reader-text\">Convocatoria abierta para participar del Festival de Circo de San Mart\u00edn de los Andes<\/span><\/a><\/p>\n","protected":false},"author":1,"featured_media":2221,"comment_status":"closed","ping_status":"","sticky":false,"template":"","format":"image","meta":{"footnotes":""},"categories":[3,9],"tags":[73],"class_list":["post-2217","post","type-post","status-publish","format-image","has-post-thumbnail","hentry","category-eventos-cultura","category-ultimas-noticias","tag-circo","post_format-post-format-image"],"_links":{"self":[{"href":"https:\/\/cultura.sma.gob.ar\/index.php?rest_route=\/wp\/v2\/posts\/2217","targetHints":{"allow":["GET"]}}],"collection":[{"href":"https:\/\/cultura.sma.gob.ar\/index.php?rest_route=\/wp\/v2\/posts"}],"about":[{"href":"https:\/\/cultura.sma.gob.ar\/index.php?rest_route=\/wp\/v2\/types\/post"}],"author":[{"embeddable":true,"href":"https:\/\/cultura.sma.gob.ar\/index.php?rest_route=\/wp\/v2\/users\/1"}],"replies":[{"embeddable":true,"href":"https:\/\/cultura.sma.gob.ar\/index.php?rest_route=%2Fwp%2Fv2%2Fcomments&post=2217"}],"version-history":[{"count":2,"href":"https:\/\/cultura.sma.gob.ar\/index.php?rest_route=\/wp\/v2\/posts\/2217\/revisions"}],"predecessor-version":[{"id":2222,"href":"https:\/\/cultura.sma.gob.ar\/index.php?rest_route=\/wp\/v2\/posts\/2217\/revisions\/2222"}],"wp:featuredmedia":[{"embeddable":true,"href":"https:\/\/cultura.sma.gob.ar\/index.php?rest_route=\/wp\/v2\/media\/2221"}],"wp:attachment":[{"href":"https:\/\/cultura.sma.gob.ar\/index.php?rest_route=%2Fwp%2Fv2%2Fmedia&parent=2217"}],"wp:term":[{"taxonomy":"category","embeddable":true,"href":"https:\/\/cultura.sma.gob.ar\/index.php?rest_route=%2Fwp%2Fv2%2Fcategories&post=2217"},{"taxonomy":"post_tag","embeddable":true,"href":"https:\/\/cultura.sma.gob.ar\/index.php?rest_route=%2Fwp%2Fv2%2Ftags&post=2217"}],"curies":[{"name":"wp","href":"https:\/\/api.w.org\/{rel}","templated":true}]}}