{"id":2212,"date":"2021-09-28T08:49:30","date_gmt":"2021-09-28T11:49:30","guid":{"rendered":"http:\/\/cultura.sma.gob.ar\/?p=2212"},"modified":"2021-09-28T08:49:30","modified_gmt":"2021-09-28T11:49:30","slug":"ya-esta-disponible-el-banco-de-musica-de-san-martin-de-los-andes-en-youtube","status":"publish","type":"post","link":"https:\/\/cultura.sma.gob.ar\/?p=2212","title":{"rendered":"Ya est\u00e1 disponible el Banco de M\u00fasica de San Mart\u00edn de los Andes en YouTube"},"content":{"rendered":"\n<p>Durante octubre, la Secretar\u00eda de Cultura abri\u00f3 una convocatoria permanente, en la que se propuso a bandas e interpretes locales enviar materiar musical para integrar un <strong>Banco de M\u00fasica p\u00fablico en su canal de Youtube.&nbsp;<\/strong><\/p>\n\n\n\n<p>A partir de hoy ya se puede <a href=\"https:\/\/youtube.com\/playlist?list=PLAWSr_fteUxyJiv7E6Pk4llPO787TIE-n\">ingresar a ella<\/a> y difrutar de su contenido, siendo su fin \u00faltimo el de proveer material de buena calidad para que se pueda cumplir la Ordenanza Municipal 13239\/21, que establece la obligatoriedad de incluir m\u00fasica local en radios y medios audiovisuales de la ciudad.&nbsp;<\/p>\n\n\n\n<figure class=\"wp-block-image size-large\"><img loading=\"lazy\" decoding=\"async\" width=\"851\" height=\"851\" src=\"http:\/\/cultura.sma.gob.ar\/wp-content\/uploads\/2021\/08\/artistas-independientes-05.jpg\" alt=\"\" class=\"wp-image-2094\" srcset=\"https:\/\/cultura.sma.gob.ar\/wp-content\/uploads\/2021\/08\/artistas-independientes-05.jpg 851w, https:\/\/cultura.sma.gob.ar\/wp-content\/uploads\/2021\/08\/artistas-independientes-05-300x300.jpg 300w, https:\/\/cultura.sma.gob.ar\/wp-content\/uploads\/2021\/08\/artistas-independientes-05-150x150.jpg 150w, https:\/\/cultura.sma.gob.ar\/wp-content\/uploads\/2021\/08\/artistas-independientes-05-768x768.jpg 768w, https:\/\/cultura.sma.gob.ar\/wp-content\/uploads\/2021\/08\/artistas-independientes-05-90x90.jpg 90w\" sizes=\"auto, (max-width: 851px) 100vw, 851px\" \/><\/figure>\n\n\n\n<p>Por otro lado, la convocatoria para formar parte de este Banco de m\u00fasica quedar\u00e1 <strong>abierta de forma permanente<\/strong> para todos aquellos artistas que quieran sumarse. Para hacerlo solo hay que comunicarse con la Secretar\u00eda de Cultura v\u00eda mail (<a href=\"mailto:cultura@smandes.gov.ar\">cultura@smandes.gov.ar<\/a>) o por tel\u00e9fono al 424804.<\/p>\n","protected":false},"excerpt":{"rendered":"<p>San Mart\u00edn de los Andes ya tiene su propio Banco de m\u00fasica local.  <a href=\"https:\/\/cultura.sma.gob.ar\/?p=2212\" class=\"more-link\">Continue reading <span class=\"screen-reader-text\">Ya est\u00e1 disponible el Banco de M\u00fasica de San Mart\u00edn de los Andes en YouTube<\/span><\/a><\/p>\n","protected":false},"author":1,"featured_media":2214,"comment_status":"closed","ping_status":"","sticky":false,"template":"","format":"image","meta":{"footnotes":""},"categories":[3,9],"tags":[23],"class_list":["post-2212","post","type-post","status-publish","format-image","has-post-thumbnail","hentry","category-eventos-cultura","category-ultimas-noticias","tag-festival-de-musica","post_format-post-format-image"],"_links":{"self":[{"href":"https:\/\/cultura.sma.gob.ar\/index.php?rest_route=\/wp\/v2\/posts\/2212","targetHints":{"allow":["GET"]}}],"collection":[{"href":"https:\/\/cultura.sma.gob.ar\/index.php?rest_route=\/wp\/v2\/posts"}],"about":[{"href":"https:\/\/cultura.sma.gob.ar\/index.php?rest_route=\/wp\/v2\/types\/post"}],"author":[{"embeddable":true,"href":"https:\/\/cultura.sma.gob.ar\/index.php?rest_route=\/wp\/v2\/users\/1"}],"replies":[{"embeddable":true,"href":"https:\/\/cultura.sma.gob.ar\/index.php?rest_route=%2Fwp%2Fv2%2Fcomments&post=2212"}],"version-history":[{"count":2,"href":"https:\/\/cultura.sma.gob.ar\/index.php?rest_route=\/wp\/v2\/posts\/2212\/revisions"}],"predecessor-version":[{"id":2215,"href":"https:\/\/cultura.sma.gob.ar\/index.php?rest_route=\/wp\/v2\/posts\/2212\/revisions\/2215"}],"wp:featuredmedia":[{"embeddable":true,"href":"https:\/\/cultura.sma.gob.ar\/index.php?rest_route=\/wp\/v2\/media\/2214"}],"wp:attachment":[{"href":"https:\/\/cultura.sma.gob.ar\/index.php?rest_route=%2Fwp%2Fv2%2Fmedia&parent=2212"}],"wp:term":[{"taxonomy":"category","embeddable":true,"href":"https:\/\/cultura.sma.gob.ar\/index.php?rest_route=%2Fwp%2Fv2%2Fcategories&post=2212"},{"taxonomy":"post_tag","embeddable":true,"href":"https:\/\/cultura.sma.gob.ar\/index.php?rest_route=%2Fwp%2Fv2%2Ftags&post=2212"}],"curies":[{"name":"wp","href":"https:\/\/api.w.org\/{rel}","templated":true}]}}