{"id":221,"date":"2020-08-26T15:28:21","date_gmt":"2020-08-26T15:28:21","guid":{"rendered":"https:\/\/culturasma.wordpress.com\/?p=221"},"modified":"2020-09-24T18:57:02","modified_gmt":"2020-09-24T21:57:02","slug":"mucha-musica-festival","status":"publish","type":"post","link":"https:\/\/cultura.sma.gob.ar\/?p=221","title":{"rendered":"Mucha M\u00fasica Festival"},"content":{"rendered":"\n<figure class=\"wp-block-image size-large\"><img decoding=\"async\" src=\"https:\/\/culturasma.files.wordpress.com\/2020\/08\/mucha-musica-01-1.jpg?w=1024\" alt=\"\" class=\"wp-image-222\"\/><\/figure>\n\n\n\n<p><strong>Del 4 de septiembre al 3 de octubre<\/strong>, todos los viernes y s\u00e1bados del mes, la Secretar\u00eda de Cultura estrenar\u00e1 el ciclo de conciertos <em>Mucha M\u00fasica Festival<\/em>, a trav\u00e9s del canal de <strong>Youtube Cultura SMAndes<\/strong>.<\/p>\n\n\n\n<p>A ra\u00edz de la convocatoria abierta, realizada a principio de mes, se recibieron 17 solicitudes de inscripci\u00f3n, de las cuales salieron seleccionadas <strong>10 bandas locales<\/strong>, que iniciar\u00e1n la grabaci\u00f3n de sus conciertos, en el Teatro San Jos\u00e9, la pr\u00f3xima semana, siguiendo los protocolos sanitarios vigentes.<\/p>\n\n\n\n<p>Las bandas participantes son:<\/p>\n\n\n\n<ul class=\"wp-block-list\"><li><em>Colectivo Cantautoras en vuelo: m\u00fasica latinoamericana<\/em><\/li><li><em>Buenos muchachos: Rock &#8211; Reagge<\/em><\/li><li><em>In-Digo: Rock fusi\u00f3n<\/em><\/li><li><em>Edad de piedra: Heavy metal<\/em><\/li><li><em>Hermanos Fierro: folklore<\/em><\/li><li><em>El Salto: rock nacional e internacional<\/em><\/li><li><em>Trio Rossini &#8211; Saez &#8211; Prieto: folklore<\/em><em><\/em><\/li><li><em>Duo Nico y Seba: Rock ac\u00fastico, aut\u00f3ctono<\/em><\/li><li><em>Duo Destino: folklore<\/em><\/li><li><em>Irusu: rock ac\u00fastico<\/em><\/li><\/ul>\n\n\n\n<p>Adem\u00e1s del cachet que se les brinda, desde la secretar\u00eda, a trav\u00e9s del fondo de contingencia, cada banda pondr\u00e1 a disposici\u00f3n del p\u00fablico sus <strong>gorras virtuales<\/strong>, para que puedan retribuir el espect\u00e1culo brindado.<\/p>\n","protected":false},"excerpt":{"rendered":"<p>Conciertos online a trav\u00e9s de YouTube. <a href=\"https:\/\/cultura.sma.gob.ar\/?p=221\" class=\"more-link\">Continue reading <span class=\"screen-reader-text\">Mucha M\u00fasica Festival<\/span><\/a><\/p>\n","protected":false},"author":3,"featured_media":296,"comment_status":"closed","ping_status":"closed","sticky":false,"template":"","format":"image","meta":{"footnotes":""},"categories":[3,9],"tags":[22,23,26,28],"class_list":["post-221","post","type-post","status-publish","format-image","has-post-thumbnail","hentry","category-eventos-cultura","category-ultimas-noticias","tag-eventos-online","tag-festival-de-musica","tag-musica","tag-recital-online","post_format-post-format-image"],"_links":{"self":[{"href":"https:\/\/cultura.sma.gob.ar\/index.php?rest_route=\/wp\/v2\/posts\/221","targetHints":{"allow":["GET"]}}],"collection":[{"href":"https:\/\/cultura.sma.gob.ar\/index.php?rest_route=\/wp\/v2\/posts"}],"about":[{"href":"https:\/\/cultura.sma.gob.ar\/index.php?rest_route=\/wp\/v2\/types\/post"}],"author":[{"embeddable":true,"href":"https:\/\/cultura.sma.gob.ar\/index.php?rest_route=\/wp\/v2\/users\/3"}],"replies":[{"embeddable":true,"href":"https:\/\/cultura.sma.gob.ar\/index.php?rest_route=%2Fwp%2Fv2%2Fcomments&post=221"}],"version-history":[{"count":1,"href":"https:\/\/cultura.sma.gob.ar\/index.php?rest_route=\/wp\/v2\/posts\/221\/revisions"}],"predecessor-version":[{"id":302,"href":"https:\/\/cultura.sma.gob.ar\/index.php?rest_route=\/wp\/v2\/posts\/221\/revisions\/302"}],"wp:featuredmedia":[{"embeddable":true,"href":"https:\/\/cultura.sma.gob.ar\/index.php?rest_route=\/wp\/v2\/media\/296"}],"wp:attachment":[{"href":"https:\/\/cultura.sma.gob.ar\/index.php?rest_route=%2Fwp%2Fv2%2Fmedia&parent=221"}],"wp:term":[{"taxonomy":"category","embeddable":true,"href":"https:\/\/cultura.sma.gob.ar\/index.php?rest_route=%2Fwp%2Fv2%2Fcategories&post=221"},{"taxonomy":"post_tag","embeddable":true,"href":"https:\/\/cultura.sma.gob.ar\/index.php?rest_route=%2Fwp%2Fv2%2Ftags&post=221"}],"curies":[{"name":"wp","href":"https:\/\/api.w.org\/{rel}","templated":true}]}}