{"id":2203,"date":"2021-09-27T10:25:22","date_gmt":"2021-09-27T13:25:22","guid":{"rendered":"http:\/\/cultura.sma.gob.ar\/?p=2203"},"modified":"2021-09-27T11:24:40","modified_gmt":"2021-09-27T14:24:40","slug":"teatro-san-jose-presenta-un-nuevo-estreno-tiemvla-teatro-volcanico","status":"publish","type":"post","link":"https:\/\/cultura.sma.gob.ar\/?p=2203","title":{"rendered":"Teatro San Jos\u00e9 Presenta un nuevo estreno: \u201cTiemVla &#8211; Teatro Volc\u00e1nico&#8221;"},"content":{"rendered":"\n<p>El pr\u00f3ximo s\u00e1bado 2 de octubre, a las 21hs, el teatro San Jos\u00e9 vuelve a abrir sus puertas para un nuevo estreno, est\u00e1 vez de la mano de la obra TiemVla. Como en cada edici\u00f3n de este programa, las entradas se encuentran a la venta en la boleter\u00eda del teatro, a precio promocional de $100. Se pueden retirar de 9 a 21hs.&nbsp;<\/p>\n\n\n\n<p>En junio de 2011, el pueblo de Villa La Angostura fue cubierto por 30 cm. de ceniza volc\u00e1nica tras la erupci\u00f3n del volc\u00e1n Puyehue, ubicado en la Rep\u00fablica de Chile. La obra&nbsp;<em>TiemVla (Teatro volc\u00e1nico)<\/em>&nbsp;recupera este suceso hist\u00f3rico desde distintas secuencias esc\u00e9nicas: tres mujeres encerradas en una casa; un buzo rescatado del lagomoto; un motoquero que llega al pueblo; un bajista que marca el pulso del relato.&nbsp;<\/p>\n\n\n\n<figure class=\"wp-block-image size-large\"><img loading=\"lazy\" decoding=\"async\" width=\"1024\" height=\"1024\" src=\"http:\/\/cultura.sma.gob.ar\/wp-content\/uploads\/2021\/09\/redes-01-1-1024x1024.jpg\" alt=\"\" class=\"wp-image-2204\" srcset=\"https:\/\/cultura.sma.gob.ar\/wp-content\/uploads\/2021\/09\/redes-01-1-1024x1024.jpg 1024w, https:\/\/cultura.sma.gob.ar\/wp-content\/uploads\/2021\/09\/redes-01-1-300x300.jpg 300w, https:\/\/cultura.sma.gob.ar\/wp-content\/uploads\/2021\/09\/redes-01-1-150x150.jpg 150w, https:\/\/cultura.sma.gob.ar\/wp-content\/uploads\/2021\/09\/redes-01-1-768x768.jpg 768w, https:\/\/cultura.sma.gob.ar\/wp-content\/uploads\/2021\/09\/redes-01-1-1536x1536.jpg 1536w, https:\/\/cultura.sma.gob.ar\/wp-content\/uploads\/2021\/09\/redes-01-1-90x90.jpg 90w, https:\/\/cultura.sma.gob.ar\/wp-content\/uploads\/2021\/09\/redes-01-1.jpg 1875w\" sizes=\"auto, (max-width: 1024px) 100vw, 1024px\" \/><\/figure>\n\n\n\n<p>En simult\u00e1neo, a partir de un micr\u00f3fono abierto, se invita a los espectadores a narrar el testimonio de sus vivencias de aquellos d\u00edas. En este sentido, la obra construye una suerte de archivo abierto, proliferante, en el que en cada funci\u00f3n, en cada relato, se incorpora una experiencia \u00edntima a una trama colectiva, com\u00fan, donde se confunden, finalmente, Historia y ficci\u00f3n.<\/p>\n\n\n\n<p>El programa&nbsp;<em>Teatro Cervantes &#8211; Teatro Nacional Argentino produce en el pa\u00eds<\/em>&nbsp;se propone identificar y hacer visible la diversidad de manifestaciones esc\u00e9nicas del pa\u00eds, con el objetivo de estimular la producci\u00f3n, la investigaci\u00f3n y la experimentaci\u00f3n en el territorio nacional. En este sentido, el teatro busca trascender los l\u00edmites del edificio central para estimular proyectos esc\u00e9nicos fuera de la Ciudad Aut\u00f3noma de Buenos Aires. Esta obra ha sido seleccionada a partir de la convocatoria&nbsp;<em>Teatro Cervantes &#8211; Teatro Nacional Argentino produce en el pa\u00eds<\/em>.<\/p>\n\n\n\n<p>M\u00fasica de Gustavo Romero. En escena: Veronica Mari, Mariela Roa, Lucia Mazer, Fito Sedan, Lucia Buestein. T\u00e9cnica de M\u00f3nina Alcazar.<\/p>\n","protected":false},"excerpt":{"rendered":"<p>S\u00e1bado 2 de octubre a las 21hs en el Teatro San Jos\u00e9. Entradas a la venta en boleter\u00eda. <a href=\"https:\/\/cultura.sma.gob.ar\/?p=2203\" class=\"more-link\">Continue reading <span class=\"screen-reader-text\">Teatro San Jos\u00e9 Presenta un nuevo estreno: \u201cTiemVla &#8211; Teatro Volc\u00e1nico&#8221;<\/span><\/a><\/p>\n","protected":false},"author":1,"featured_media":2205,"comment_status":"closed","ping_status":"","sticky":false,"template":"","format":"image","meta":{"footnotes":""},"categories":[8],"tags":[46],"class_list":["post-2203","post","type-post","status-publish","format-image","has-post-thumbnail","hentry","category-teatro-san-jose","tag-teatro","post_format-post-format-image"],"_links":{"self":[{"href":"https:\/\/cultura.sma.gob.ar\/index.php?rest_route=\/wp\/v2\/posts\/2203","targetHints":{"allow":["GET"]}}],"collection":[{"href":"https:\/\/cultura.sma.gob.ar\/index.php?rest_route=\/wp\/v2\/posts"}],"about":[{"href":"https:\/\/cultura.sma.gob.ar\/index.php?rest_route=\/wp\/v2\/types\/post"}],"author":[{"embeddable":true,"href":"https:\/\/cultura.sma.gob.ar\/index.php?rest_route=\/wp\/v2\/users\/1"}],"replies":[{"embeddable":true,"href":"https:\/\/cultura.sma.gob.ar\/index.php?rest_route=%2Fwp%2Fv2%2Fcomments&post=2203"}],"version-history":[{"count":2,"href":"https:\/\/cultura.sma.gob.ar\/index.php?rest_route=\/wp\/v2\/posts\/2203\/revisions"}],"predecessor-version":[{"id":2209,"href":"https:\/\/cultura.sma.gob.ar\/index.php?rest_route=\/wp\/v2\/posts\/2203\/revisions\/2209"}],"wp:featuredmedia":[{"embeddable":true,"href":"https:\/\/cultura.sma.gob.ar\/index.php?rest_route=\/wp\/v2\/media\/2205"}],"wp:attachment":[{"href":"https:\/\/cultura.sma.gob.ar\/index.php?rest_route=%2Fwp%2Fv2%2Fmedia&parent=2203"}],"wp:term":[{"taxonomy":"category","embeddable":true,"href":"https:\/\/cultura.sma.gob.ar\/index.php?rest_route=%2Fwp%2Fv2%2Fcategories&post=2203"},{"taxonomy":"post_tag","embeddable":true,"href":"https:\/\/cultura.sma.gob.ar\/index.php?rest_route=%2Fwp%2Fv2%2Ftags&post=2203"}],"curies":[{"name":"wp","href":"https:\/\/api.w.org\/{rel}","templated":true}]}}