{"id":2193,"date":"2021-09-20T08:47:15","date_gmt":"2021-09-20T11:47:15","guid":{"rendered":"http:\/\/cultura.sma.gob.ar\/?p=2193"},"modified":"2021-09-20T08:47:15","modified_gmt":"2021-09-20T11:47:15","slug":"consecuence-of-sound","status":"publish","type":"post","link":"https:\/\/cultura.sma.gob.ar\/?p=2193","title":{"rendered":"CONSECUENCE OF SOUND"},"content":{"rendered":"\n<figure class=\"wp-block-image size-large\"><img loading=\"lazy\" decoding=\"async\" width=\"724\" height=\"1024\" src=\"http:\/\/cultura.sma.gob.ar\/wp-content\/uploads\/2021\/09\/Consecuence-of-Sound-Paradise-Ballet-724x1024.png\" alt=\"\" class=\"wp-image-2194\" srcset=\"https:\/\/cultura.sma.gob.ar\/wp-content\/uploads\/2021\/09\/Consecuence-of-Sound-Paradise-Ballet-724x1024.png 724w, https:\/\/cultura.sma.gob.ar\/wp-content\/uploads\/2021\/09\/Consecuence-of-Sound-Paradise-Ballet-212x300.png 212w, https:\/\/cultura.sma.gob.ar\/wp-content\/uploads\/2021\/09\/Consecuence-of-Sound-Paradise-Ballet-768x1086.png 768w, https:\/\/cultura.sma.gob.ar\/wp-content\/uploads\/2021\/09\/Consecuence-of-Sound-Paradise-Ballet-1086x1536.png 1086w, https:\/\/cultura.sma.gob.ar\/wp-content\/uploads\/2021\/09\/Consecuence-of-Sound-Paradise-Ballet-1448x2048.png 1448w, https:\/\/cultura.sma.gob.ar\/wp-content\/uploads\/2021\/09\/Consecuence-of-Sound-Paradise-Ballet-64x90.png 64w, https:\/\/cultura.sma.gob.ar\/wp-content\/uploads\/2021\/09\/Consecuence-of-Sound-Paradise-Ballet.png 1587w\" sizes=\"auto, (max-width: 724px) 100vw, 724px\" \/><\/figure>\n\n\n\n<p>El pr\u00f3ximo domingo, 10 de octubre a las 21:30hs en nuestra querida Sala Amankay, la Compa\u00f1\u00eda Paradise Ballet presenta &#8220;CONSECUENCE OF SOUND&#8221;, una recopilaci\u00f3n de coreograf\u00edas que se presentar\u00e1n en la Competencia Panamericana del Campeonato Mundial \u201cUniversal Dance\u201d.<br><br>Los bailarines participan en la disciplina Jazz Contempor\u00e1neo en las siguientes categor\u00edas: grupal a cargo de Stefania Mateu y Natalia Lamberti representado por la compa\u00f1\u00eda de Paradise Teens.<\/p>\n\n\n\n<p>En el resto de las categor\u00edas (equipo, d\u00faos y solos) a cargo de la creaci\u00f3n de Natalia Lamberti y participaci\u00f3n de ambas compa\u00f1\u00edas.<\/p>\n\n\n\n<p>En escena: Valentina Garcia, Katherina Gomez Moreira, Ana Luisa Faundez, Sofia Conde, Catalina Alfaro, Bel\u00e9n Alcar\u00e1z, Matias Bohn, Alexei Samek, Victoria Seery, Abril Casanova, Candela Feryala, Maite Berninzoni, Guadalupe Mariosa.<br>Antonella Minnard, Catalina Battagini, Lucia Mariosa, Simona Carluccio, Naiara Ancatel, Malena Calveiras, Tiara Leon, Francisca Villalba, Manuela Rodriguez, Sofia Rojas, Valentina Jonisz, Jazmin Suarez.<\/p>\n\n\n\n<p>Todo lo recaudado ser\u00e1 a los fines de juntar dinero cubrir todos los gastos de la competencia.<\/p>\n\n\n\n<p>Entradas en venta en la boleteria del Centro Cultural: Anticipadas $500 \/ El mismo d\u00eda $600.<br>En venta a partir del martes 20\/09.<br>Entradas numeradas. Cupos limitados.<\/p>\n","protected":false},"excerpt":{"rendered":"<p>El pr\u00f3ximo domingo, 10 de octubre a las 21:30hs en nuestra querida Sala Amankay, la Compa\u00f1\u00eda Paradise Ballet presenta &#8220;CONSECUENCE OF SOUND&#8221;, <a href=\"https:\/\/cultura.sma.gob.ar\/?p=2193\" class=\"more-link\">Continue reading <span class=\"screen-reader-text\">CONSECUENCE OF SOUND<\/span><\/a><\/p>\n","protected":false},"author":1,"featured_media":297,"comment_status":"closed","ping_status":"","sticky":false,"template":"","format":"image","meta":{"footnotes":""},"categories":[2],"tags":[],"class_list":["post-2193","post","type-post","status-publish","format-image","has-post-thumbnail","hentry","category-ciudad-cultural","post_format-post-format-image"],"_links":{"self":[{"href":"https:\/\/cultura.sma.gob.ar\/index.php?rest_route=\/wp\/v2\/posts\/2193","targetHints":{"allow":["GET"]}}],"collection":[{"href":"https:\/\/cultura.sma.gob.ar\/index.php?rest_route=\/wp\/v2\/posts"}],"about":[{"href":"https:\/\/cultura.sma.gob.ar\/index.php?rest_route=\/wp\/v2\/types\/post"}],"author":[{"embeddable":true,"href":"https:\/\/cultura.sma.gob.ar\/index.php?rest_route=\/wp\/v2\/users\/1"}],"replies":[{"embeddable":true,"href":"https:\/\/cultura.sma.gob.ar\/index.php?rest_route=%2Fwp%2Fv2%2Fcomments&post=2193"}],"version-history":[{"count":1,"href":"https:\/\/cultura.sma.gob.ar\/index.php?rest_route=\/wp\/v2\/posts\/2193\/revisions"}],"predecessor-version":[{"id":2195,"href":"https:\/\/cultura.sma.gob.ar\/index.php?rest_route=\/wp\/v2\/posts\/2193\/revisions\/2195"}],"wp:featuredmedia":[{"embeddable":true,"href":"https:\/\/cultura.sma.gob.ar\/index.php?rest_route=\/wp\/v2\/media\/297"}],"wp:attachment":[{"href":"https:\/\/cultura.sma.gob.ar\/index.php?rest_route=%2Fwp%2Fv2%2Fmedia&parent=2193"}],"wp:term":[{"taxonomy":"category","embeddable":true,"href":"https:\/\/cultura.sma.gob.ar\/index.php?rest_route=%2Fwp%2Fv2%2Fcategories&post=2193"},{"taxonomy":"post_tag","embeddable":true,"href":"https:\/\/cultura.sma.gob.ar\/index.php?rest_route=%2Fwp%2Fv2%2Ftags&post=2193"}],"curies":[{"name":"wp","href":"https:\/\/api.w.org\/{rel}","templated":true}]}}