{"id":2180,"date":"2021-09-15T08:47:33","date_gmt":"2021-09-15T11:47:33","guid":{"rendered":"http:\/\/cultura.sma.gob.ar\/?p=2180"},"modified":"2021-09-22T12:16:03","modified_gmt":"2021-09-22T15:16:03","slug":"comienza-el-13o-festival-internacional-de-titeres-todo-lo-que-hay-que-saber","status":"publish","type":"post","link":"https:\/\/cultura.sma.gob.ar\/?p=2180","title":{"rendered":"Comienza el 13\u00ba Festival Internacional de T\u00edteres: todo lo que hay que saber"},"content":{"rendered":"\n<p>Desde el mi\u00e9rcoles 22 y hasta el domingo 26 de septiembre, diez compa\u00f1\u00edas teatrales de excelente nivel y trayectoria, brindar\u00e1n 32 funciones en el marco del 13\u00ba Festival Internacional de T\u00edteres. La apertura ser\u00e1 el mi\u00e9rcoles 22 a las 17 h en el Teatro San Jos\u00e9.&nbsp;<\/p>\n\n\n\n<p>Los elencos, provenientes de San Mart\u00edn, Chos Malal, Ciudad de Neuqu\u00e9n, C\u00f3rdoba, Bariloche, Buenos Aires, Ecuador y Venezuela, se presentar\u00e1n en el Teatro San Jos\u00e9, el Teatro Piccolo, el Centro Cultural Cotesma y en espacios educativos como el jard\u00edn 53, el CDI Aitue, el jard\u00edn 63 y la escuela 337 de Trompul. Este despliegue prev\u00e9 favorecer el acceso a las obras por parte de toda la comunidad. Adem\u00e1s habr\u00e1 una muestra sobre el oficio titiritero en la Sala Lidaura Chapitel y presentaciones itinerantes en la entrada de cada espacio teatral.&nbsp;<\/p>\n\n\n\n<figure class=\"wp-block-image size-large\"><img loading=\"lazy\" decoding=\"async\" width=\"1024\" height=\"1024\" src=\"http:\/\/cultura.sma.gob.ar\/wp-content\/uploads\/2021\/09\/0002-1024x1024.jpg\" alt=\"\" class=\"wp-image-2182\" srcset=\"https:\/\/cultura.sma.gob.ar\/wp-content\/uploads\/2021\/09\/0002-1024x1024.jpg 1024w, https:\/\/cultura.sma.gob.ar\/wp-content\/uploads\/2021\/09\/0002-300x300.jpg 300w, https:\/\/cultura.sma.gob.ar\/wp-content\/uploads\/2021\/09\/0002-150x150.jpg 150w, https:\/\/cultura.sma.gob.ar\/wp-content\/uploads\/2021\/09\/0002-768x768.jpg 768w, https:\/\/cultura.sma.gob.ar\/wp-content\/uploads\/2021\/09\/0002-1536x1536.jpg 1536w, https:\/\/cultura.sma.gob.ar\/wp-content\/uploads\/2021\/09\/0002-2048x2048.jpg 2048w, https:\/\/cultura.sma.gob.ar\/wp-content\/uploads\/2021\/09\/0002-90x90.jpg 90w\" sizes=\"auto, (max-width: 1024px) 100vw, 1024px\" \/><\/figure>\n\n\n\n<p>La 13\u00ba edici\u00f3n de este importante evento es organizada por la Secretar\u00eda Municipal de Cultura junto a La Pelela T\u00edteres, y cuenta con el acompa\u00f1amiento del Ministerio de las Culturas de la Provincia del Neuqu\u00e9n, el Instituto Nacional del Teatro y el Programa Festivales Argentinos del Ministerio de Cultura de la Naci\u00f3n.&nbsp;<\/p>\n\n\n\n<p>En esta oportunidad participar\u00e1n destacadas compa\u00f1\u00edas provinciales: \u201cGrupo Piltrafa\u201d, de San Mart\u00edn de los Andes, con su obra \u201cEl Peuma de Emma\u201d; \u201cT\u00edteres de la Mapu\u201d, desde Chos Malal, con su obra \u201cEl camino de Atilio\u201d; y desde la ciudad de Neuqu\u00e9n nos visitan: \u201cTiter\u00f3n\u201d, con su obra \u201cLila y Lim\u00f3n\u201d; \u201cTeatro Ana Luna\u201d, con la obra \u201cBelisario y el viol\u00edn\u201d y Julieta Tabbush, con su obra \u201cCineamano\u201d. Finalmente, la compa\u00f1\u00eda \u201cKamala\u201d, de Neuqu\u00e9n, har\u00e1 presentaciones espont\u00e1neas fuera de los teatros para ir abriendo las puertas a la magia que estar\u00e1 presente en todas las funciones.&nbsp;<\/p>\n\n\n\n<p>Las compa\u00f1\u00edas nacionales que tambi\u00e9n estar\u00e1n presentes son: \u201c3 Tigres\u201d, de la provincia de C\u00f3rdoba, con su obra \u201cLos sue\u00f1os de trucas\u201d y \u201cGatoverde, teatro itinerante\u201d, de Bariloche y Buenos Aires, con su obra \u201cGato Amo\u201d. Sum\u00e1ndose a este gran programa, las compa\u00f1\u00edas internacionales que nos visitar\u00e1n son: \u201cLa Pareja\u201d, oriundos de Venezuela, con su obra \u201cLos 3 cabellos de oro de don Gru\u00f1on\u201d y \u201cLa Puerta\u201d, provenientes de Ecuador, con su obra \u201cDe diablos, panes y amores\u201d.<\/p>\n\n\n\n<div class=\"wp-block-jetpack-slideshow aligncenter\" data-effect=\"slide\"><div class=\"wp-block-jetpack-slideshow_container swiper-container\"><ul class=\"wp-block-jetpack-slideshow_swiper-wrapper swiper-wrapper\"><li class=\"wp-block-jetpack-slideshow_slide swiper-slide\"><figure><img loading=\"lazy\" decoding=\"async\" width=\"1024\" height=\"1024\" alt=\"\" class=\"wp-block-jetpack-slideshow_image wp-image-2188\" data-id=\"2188\" src=\"http:\/\/cultura.sma.gob.ar\/wp-content\/uploads\/2021\/09\/TSJ-1024x1024.png\" srcset=\"https:\/\/cultura.sma.gob.ar\/wp-content\/uploads\/2021\/09\/TSJ-1024x1024.png 1024w, https:\/\/cultura.sma.gob.ar\/wp-content\/uploads\/2021\/09\/TSJ-300x300.png 300w, https:\/\/cultura.sma.gob.ar\/wp-content\/uploads\/2021\/09\/TSJ-150x150.png 150w, https:\/\/cultura.sma.gob.ar\/wp-content\/uploads\/2021\/09\/TSJ-768x768.png 768w, https:\/\/cultura.sma.gob.ar\/wp-content\/uploads\/2021\/09\/TSJ-90x90.png 90w, https:\/\/cultura.sma.gob.ar\/wp-content\/uploads\/2021\/09\/TSJ.png 1080w\" sizes=\"auto, (max-width: 1024px) 100vw, 1024px\" \/><\/figure><\/li><li class=\"wp-block-jetpack-slideshow_slide swiper-slide\"><figure><img loading=\"lazy\" decoding=\"async\" width=\"1024\" height=\"702\" alt=\"\" class=\"wp-block-jetpack-slideshow_image wp-image-2189\" data-id=\"2189\" src=\"http:\/\/cultura.sma.gob.ar\/wp-content\/uploads\/2021\/09\/COTESMA-1024x702.png\" srcset=\"https:\/\/cultura.sma.gob.ar\/wp-content\/uploads\/2021\/09\/COTESMA-1024x702.png 1024w, https:\/\/cultura.sma.gob.ar\/wp-content\/uploads\/2021\/09\/COTESMA-300x206.png 300w, https:\/\/cultura.sma.gob.ar\/wp-content\/uploads\/2021\/09\/COTESMA-768x526.png 768w, https:\/\/cultura.sma.gob.ar\/wp-content\/uploads\/2021\/09\/COTESMA-131x90.png 131w, https:\/\/cultura.sma.gob.ar\/wp-content\/uploads\/2021\/09\/COTESMA.png 1077w\" sizes=\"auto, (max-width: 1024px) 100vw, 1024px\" \/><\/figure><\/li><li class=\"wp-block-jetpack-slideshow_slide swiper-slide\"><figure><img loading=\"lazy\" decoding=\"async\" width=\"1024\" height=\"1024\" alt=\"\" class=\"wp-block-jetpack-slideshow_image wp-image-2191\" data-id=\"2191\" src=\"http:\/\/cultura.sma.gob.ar\/wp-content\/uploads\/2021\/09\/PICCOLO-TEATRO-1024x1024.png\" srcset=\"https:\/\/cultura.sma.gob.ar\/wp-content\/uploads\/2021\/09\/PICCOLO-TEATRO-1024x1024.png 1024w, https:\/\/cultura.sma.gob.ar\/wp-content\/uploads\/2021\/09\/PICCOLO-TEATRO-300x300.png 300w, https:\/\/cultura.sma.gob.ar\/wp-content\/uploads\/2021\/09\/PICCOLO-TEATRO-150x150.png 150w, https:\/\/cultura.sma.gob.ar\/wp-content\/uploads\/2021\/09\/PICCOLO-TEATRO-768x768.png 768w, https:\/\/cultura.sma.gob.ar\/wp-content\/uploads\/2021\/09\/PICCOLO-TEATRO-90x90.png 90w, https:\/\/cultura.sma.gob.ar\/wp-content\/uploads\/2021\/09\/PICCOLO-TEATRO.png 1080w\" sizes=\"auto, (max-width: 1024px) 100vw, 1024px\" \/><\/figure><\/li><\/ul><a class=\"wp-block-jetpack-slideshow_button-prev swiper-button-prev swiper-button-white\" role=\"button\"><\/a><a class=\"wp-block-jetpack-slideshow_button-next swiper-button-next swiper-button-white\" role=\"button\"><\/a><a aria-label=\"Pause Slideshow\" class=\"wp-block-jetpack-slideshow_button-pause\" role=\"button\"><\/a><div class=\"wp-block-jetpack-slideshow_pagination swiper-pagination swiper-pagination-white\"><\/div><\/div><\/div>\n\n\n\n<p>En esta edici\u00f3n, como en a\u00f1os anteriores, Zapala vuelve a ser subsede del festival, recibiendo a las dos compa\u00f1\u00edas internacionales para brindar 6 de estas 32 funciones en esa ciudad.&nbsp;<\/p>\n\n\n\n<p>Todas las funciones ser\u00e1n de entrada libre y gratuita, excepto 3 funciones para adultos, a realizar los d\u00edas viernes 24, s\u00e1bado 25 y domingo 26 a las 21 h, que tendr\u00e1n un valor de $100. En todos los casos, las entradas podr\u00e1n ser retiradas previamente en los lugares donde ocurren las funciones.<\/p>\n\n\n\n<p>Finalmente, en adici\u00f3n a todos estos espect\u00e1culos, la compa\u00f1\u00eda &#8220;3 Tigres&#8221; dictar\u00e1 el taller &#8220;Entrenamiento sonoro-musical&#8221;, para hacedores de las Artes Esc\u00e9nicas.<\/p>\n\n\n\n<div class=\"wp-block-image\"><figure class=\"aligncenter size-large\"><img loading=\"lazy\" decoding=\"async\" width=\"760\" height=\"506\" src=\"http:\/\/cultura.sma.gob.ar\/wp-content\/uploads\/2021\/09\/FB_IMG_1631305202745.jpg\" alt=\"\" class=\"wp-image-2183\" srcset=\"https:\/\/cultura.sma.gob.ar\/wp-content\/uploads\/2021\/09\/FB_IMG_1631305202745.jpg 760w, https:\/\/cultura.sma.gob.ar\/wp-content\/uploads\/2021\/09\/FB_IMG_1631305202745-300x200.jpg 300w, https:\/\/cultura.sma.gob.ar\/wp-content\/uploads\/2021\/09\/FB_IMG_1631305202745-135x90.jpg 135w\" sizes=\"auto, (max-width: 760px) 100vw, 760px\" \/><\/figure><\/div>\n\n\n\n<p><strong>Muestra \u201cArte titiritero: las formas del oficio\u201d<\/strong><\/p>\n\n\n\n<p>Ser\u00e1 en la Sala Lidaura Chapitel y estar\u00e1 abierta al p\u00fablico desde el mi\u00e9rcoles 22, en los siguientes horarios: del mi\u00e9rcoles al viernes: de 10 a 12 h y de 16 a 20 h. El s\u00e1bado y domingo podr\u00e1 visitarse de 10:30 a 13 h y de 15 a 21 h.&nbsp;<\/p>\n\n\n\n<p>La muestra se compone de un gran n\u00famero de herramientas, libros, t\u00edteres de todo tipo y elementos de composici\u00f3n creativa que buscar\u00e1n reproducir el espacio de creaci\u00f3n de un titiritero. Adem\u00e1s, se suma la Escuela Provincial de T\u00edteres Alicia Murphy con una muestra virtual. La inauguraci\u00f3n oficial ser\u00e1 el viernes 24 a las 20 h.<\/p>\n","protected":false},"excerpt":{"rendered":"<p>Desde el mi\u00e9rcoles 22 y hasta el domingo 26 de septiembre, diferentes compa\u00f1\u00edas teatrales, nacionales e internacionales, brindar\u00e1n m\u00e1s de 20 funciones de t\u00edteres en el Teatro San Jos\u00e9, el Teatro Piccolo, el Centro Cultural Cotesma y en barrios y parajes. <a href=\"https:\/\/cultura.sma.gob.ar\/?p=2180\" class=\"more-link\">Continue reading <span class=\"screen-reader-text\">Comienza el 13\u00ba Festival Internacional de T\u00edteres: todo lo que hay que saber<\/span><\/a><\/p>\n","protected":false},"author":1,"featured_media":2184,"comment_status":"closed","ping_status":"","sticky":false,"template":"","format":"image","meta":{"footnotes":""},"categories":[3,9],"tags":[72],"class_list":["post-2180","post","type-post","status-publish","format-image","has-post-thumbnail","hentry","category-eventos-cultura","category-ultimas-noticias","tag-festivales","post_format-post-format-image"],"_links":{"self":[{"href":"https:\/\/cultura.sma.gob.ar\/index.php?rest_route=\/wp\/v2\/posts\/2180","targetHints":{"allow":["GET"]}}],"collection":[{"href":"https:\/\/cultura.sma.gob.ar\/index.php?rest_route=\/wp\/v2\/posts"}],"about":[{"href":"https:\/\/cultura.sma.gob.ar\/index.php?rest_route=\/wp\/v2\/types\/post"}],"author":[{"embeddable":true,"href":"https:\/\/cultura.sma.gob.ar\/index.php?rest_route=\/wp\/v2\/users\/1"}],"replies":[{"embeddable":true,"href":"https:\/\/cultura.sma.gob.ar\/index.php?rest_route=%2Fwp%2Fv2%2Fcomments&post=2180"}],"version-history":[{"count":5,"href":"https:\/\/cultura.sma.gob.ar\/index.php?rest_route=\/wp\/v2\/posts\/2180\/revisions"}],"predecessor-version":[{"id":2200,"href":"https:\/\/cultura.sma.gob.ar\/index.php?rest_route=\/wp\/v2\/posts\/2180\/revisions\/2200"}],"wp:featuredmedia":[{"embeddable":true,"href":"https:\/\/cultura.sma.gob.ar\/index.php?rest_route=\/wp\/v2\/media\/2184"}],"wp:attachment":[{"href":"https:\/\/cultura.sma.gob.ar\/index.php?rest_route=%2Fwp%2Fv2%2Fmedia&parent=2180"}],"wp:term":[{"taxonomy":"category","embeddable":true,"href":"https:\/\/cultura.sma.gob.ar\/index.php?rest_route=%2Fwp%2Fv2%2Fcategories&post=2180"},{"taxonomy":"post_tag","embeddable":true,"href":"https:\/\/cultura.sma.gob.ar\/index.php?rest_route=%2Fwp%2Fv2%2Ftags&post=2180"}],"curies":[{"name":"wp","href":"https:\/\/api.w.org\/{rel}","templated":true}]}}