{"id":2175,"date":"2021-09-13T09:24:17","date_gmt":"2021-09-13T12:24:17","guid":{"rendered":"http:\/\/cultura.sma.gob.ar\/?p=2175"},"modified":"2021-09-13T09:24:17","modified_gmt":"2021-09-13T12:24:17","slug":"summa-ascensis-o-del-imposible-abandono-en-la-sala-amankay","status":"publish","type":"post","link":"https:\/\/cultura.sma.gob.ar\/?p=2175","title":{"rendered":"&#8220;Summa Ascensis o del imposible abandono&#8221; en la Sala Amankay"},"content":{"rendered":"\n<div class=\"wp-block-image\"><figure class=\"aligncenter size-large\"><img loading=\"lazy\" decoding=\"async\" width=\"372\" height=\"524\" src=\"http:\/\/cultura.sma.gob.ar\/wp-content\/uploads\/2021\/09\/Summa-Ascensis-o-el-imposible-abandono-Flyer.jpeg\" alt=\"\" class=\"wp-image-2176\" srcset=\"https:\/\/cultura.sma.gob.ar\/wp-content\/uploads\/2021\/09\/Summa-Ascensis-o-el-imposible-abandono-Flyer.jpeg 372w, https:\/\/cultura.sma.gob.ar\/wp-content\/uploads\/2021\/09\/Summa-Ascensis-o-el-imposible-abandono-Flyer-213x300.jpeg 213w, https:\/\/cultura.sma.gob.ar\/wp-content\/uploads\/2021\/09\/Summa-Ascensis-o-el-imposible-abandono-Flyer-64x90.jpeg 64w\" sizes=\"auto, (max-width: 372px) 100vw, 372px\" \/><\/figure><\/div>\n\n\n\n<p>El pr\u00f3ximo domingo, 19 de septiembre a las 20:00hs en la Sala Amankay de nuestro querido Centro Cultural, disfrutaremos la obra \u201cSUMMA ASCENSIS, O DEL IMPOSIBLE ABANDONO\u201d, escrita e interpretada por Teresa Istillarte y Lucas Verduga Santill\u00e1n.&nbsp;<br><br>Inspirada en ciertas reminiscencias de &#8220;El monte an\u00e1logo&#8221;, de Ren\u00e9 Daumal, dos personajes en un descampado&nbsp;&#8211; sepultando secretamente a un amigo en com\u00fan &#8211; intentan develar las dudosas y extra\u00f1as circunstancias que los vinculan.&nbsp;<\/p>\n\n\n\n<p>Con una puesta en escena totalmente redise\u00f1ada para un Teatro a la Italiana, en esta funci\u00f3n especial la obra se reinventa a s\u00ed misma, proponiendo una reflexi\u00f3n sobre las transformaciones, la amistad, la vida y la muerte.<\/p>\n\n\n\n<p><strong>Actores:<\/strong>&nbsp;Teresa Istillarte \u2013 Lucas Verduga Santill\u00e1n<br><strong>Puesta en Escena<\/strong>: Sandra Franzen<br><strong>Dise\u00f1o de Iluminaci\u00f3n:<\/strong>&nbsp;Gustavo Lozano<br><strong>Asistencia T\u00e9cnica:&nbsp;<\/strong>Adriana Mart\u00ednez Araujo<\/p>\n\n\n\n<p><strong>Entradas en venta en la Boleteria del Centro Cultural Cotesma.<br>Entrada General $300.- Cupos Limitados.<\/strong><\/p>\n","protected":false},"excerpt":{"rendered":"<p>Domingo 19 a las 20hs en el Centro Cultural Cotesma. <a href=\"https:\/\/cultura.sma.gob.ar\/?p=2175\" class=\"more-link\">Continue reading <span class=\"screen-reader-text\">&#8220;Summa Ascensis o del imposible abandono&#8221; en la Sala Amankay<\/span><\/a><\/p>\n","protected":false},"author":1,"featured_media":297,"comment_status":"closed","ping_status":"","sticky":false,"template":"","format":"image","meta":{"footnotes":""},"categories":[2],"tags":[46],"class_list":["post-2175","post","type-post","status-publish","format-image","has-post-thumbnail","hentry","category-ciudad-cultural","tag-teatro","post_format-post-format-image"],"_links":{"self":[{"href":"https:\/\/cultura.sma.gob.ar\/index.php?rest_route=\/wp\/v2\/posts\/2175","targetHints":{"allow":["GET"]}}],"collection":[{"href":"https:\/\/cultura.sma.gob.ar\/index.php?rest_route=\/wp\/v2\/posts"}],"about":[{"href":"https:\/\/cultura.sma.gob.ar\/index.php?rest_route=\/wp\/v2\/types\/post"}],"author":[{"embeddable":true,"href":"https:\/\/cultura.sma.gob.ar\/index.php?rest_route=\/wp\/v2\/users\/1"}],"replies":[{"embeddable":true,"href":"https:\/\/cultura.sma.gob.ar\/index.php?rest_route=%2Fwp%2Fv2%2Fcomments&post=2175"}],"version-history":[{"count":1,"href":"https:\/\/cultura.sma.gob.ar\/index.php?rest_route=\/wp\/v2\/posts\/2175\/revisions"}],"predecessor-version":[{"id":2177,"href":"https:\/\/cultura.sma.gob.ar\/index.php?rest_route=\/wp\/v2\/posts\/2175\/revisions\/2177"}],"wp:featuredmedia":[{"embeddable":true,"href":"https:\/\/cultura.sma.gob.ar\/index.php?rest_route=\/wp\/v2\/media\/297"}],"wp:attachment":[{"href":"https:\/\/cultura.sma.gob.ar\/index.php?rest_route=%2Fwp%2Fv2%2Fmedia&parent=2175"}],"wp:term":[{"taxonomy":"category","embeddable":true,"href":"https:\/\/cultura.sma.gob.ar\/index.php?rest_route=%2Fwp%2Fv2%2Fcategories&post=2175"},{"taxonomy":"post_tag","embeddable":true,"href":"https:\/\/cultura.sma.gob.ar\/index.php?rest_route=%2Fwp%2Fv2%2Ftags&post=2175"}],"curies":[{"name":"wp","href":"https:\/\/api.w.org\/{rel}","templated":true}]}}