{"id":2172,"date":"2021-09-13T09:21:33","date_gmt":"2021-09-13T12:21:33","guid":{"rendered":"http:\/\/cultura.sma.gob.ar\/?p=2172"},"modified":"2021-09-13T09:21:33","modified_gmt":"2021-09-13T12:21:33","slug":"una-de-gauchxs-y-piratas-titeres-con-musica-en-vivo","status":"publish","type":"post","link":"https:\/\/cultura.sma.gob.ar\/?p=2172","title":{"rendered":"&#8220;Una de Gauchxs y piratas&#8221;: t\u00edteres con m\u00fasica en vivo"},"content":{"rendered":"\n<figure class=\"wp-block-image size-large\"><img loading=\"lazy\" decoding=\"async\" width=\"1024\" height=\"1024\" src=\"http:\/\/cultura.sma.gob.ar\/wp-content\/uploads\/2021\/09\/Una-de-Gauchxs-y-Piratas-Flyer-1024x1024.jpg\" alt=\"\" class=\"wp-image-2173\" srcset=\"https:\/\/cultura.sma.gob.ar\/wp-content\/uploads\/2021\/09\/Una-de-Gauchxs-y-Piratas-Flyer-1024x1024.jpg 1024w, https:\/\/cultura.sma.gob.ar\/wp-content\/uploads\/2021\/09\/Una-de-Gauchxs-y-Piratas-Flyer-300x300.jpg 300w, https:\/\/cultura.sma.gob.ar\/wp-content\/uploads\/2021\/09\/Una-de-Gauchxs-y-Piratas-Flyer-150x150.jpg 150w, https:\/\/cultura.sma.gob.ar\/wp-content\/uploads\/2021\/09\/Una-de-Gauchxs-y-Piratas-Flyer-768x768.jpg 768w, https:\/\/cultura.sma.gob.ar\/wp-content\/uploads\/2021\/09\/Una-de-Gauchxs-y-Piratas-Flyer-90x90.jpg 90w, https:\/\/cultura.sma.gob.ar\/wp-content\/uploads\/2021\/09\/Una-de-Gauchxs-y-Piratas-Flyer.jpg 1182w\" sizes=\"auto, (max-width: 1024px) 100vw, 1024px\" \/><\/figure>\n\n\n\n<p>El pr\u00f3ximo jueves, 16 de septiembre a las 19hs en la Sala Amankay, volvemos a recibir los t\u00edteres del Grupo Terr\u00e1quea. Escrita por Rafa Urretabizkaya llega \u201cUNA DE GAUCHXS Y PIRATAS\u201d.<br><br>\u201cEsta es la historia de un Gaucho por tierra y un Pirata por mar que recorren el retablo para poder rescatar \u201ca su amor\u201d. Tan en la de ellos andan, que ni se han dado cuenta que la Rosa del Gaucho y la Marina del Pirata, son la misma muchacha. Rosa Marina junto a Flora, la presentadora de este espect\u00e1culo de t\u00edteres, les propondr\u00e1 cambiar la historia y los mandar\u00e1 a la Escuela de Nubes para encontrar formas nuevas.&nbsp;<\/p>\n\n\n\n<p>\u00a1Las nubes! que no necesitan ser vistas para poder pasar.<\/p>\n\n\n\n<p>Barcos piratas, caballos indomables y adem\u00e1s m\u00e1s; hacen andar esta historia de un gaucho y un pirata, que van por las nubes y ni las conocen\u201d.<\/p>\n\n\n\n<p>La obra est\u00e1 escrita por Rafael Urretabizkaya y dirigida por el grupo Teatro de Ilusiones Animadas que integran Sof\u00eda Pi\u00f1ero, Carlos Pi\u00f1ero y Santiago San Paulo. La m\u00fasica es composici\u00f3n de Melisa Galluzzo. El dise\u00f1o de luces de Elunei Beltr\u00e1n. El dise\u00f1o gr\u00e1fico lo hizo Mar\u00eda Sol Lence. La realizaci\u00f3n y manipulaci\u00f3n son del grupo Terr\u00e1quea a cargo de Ana Mugueta.&nbsp;<\/p>\n\n\n\n<p>Entrada General $300.- En venta en la boleteria del Centro Cultural.<\/p>\n\n\n\n<p>Agradecemos especialmente al Centro Cultural Cotesma que fue un espacio fundamental para los ensayos y armado de la obra.<\/p>\n","protected":false},"excerpt":{"rendered":"<p>Jueves 16 de septiembre a las 19hs en el Centro Cultural Cotesma. <a href=\"https:\/\/cultura.sma.gob.ar\/?p=2172\" class=\"more-link\">Continue reading <span class=\"screen-reader-text\">&#8220;Una de Gauchxs y piratas&#8221;: t\u00edteres con m\u00fasica en vivo<\/span><\/a><\/p>\n","protected":false},"author":1,"featured_media":297,"comment_status":"closed","ping_status":"","sticky":false,"template":"","format":"image","meta":{"footnotes":""},"categories":[2],"tags":[],"class_list":["post-2172","post","type-post","status-publish","format-image","has-post-thumbnail","hentry","category-ciudad-cultural","post_format-post-format-image"],"_links":{"self":[{"href":"https:\/\/cultura.sma.gob.ar\/index.php?rest_route=\/wp\/v2\/posts\/2172","targetHints":{"allow":["GET"]}}],"collection":[{"href":"https:\/\/cultura.sma.gob.ar\/index.php?rest_route=\/wp\/v2\/posts"}],"about":[{"href":"https:\/\/cultura.sma.gob.ar\/index.php?rest_route=\/wp\/v2\/types\/post"}],"author":[{"embeddable":true,"href":"https:\/\/cultura.sma.gob.ar\/index.php?rest_route=\/wp\/v2\/users\/1"}],"replies":[{"embeddable":true,"href":"https:\/\/cultura.sma.gob.ar\/index.php?rest_route=%2Fwp%2Fv2%2Fcomments&post=2172"}],"version-history":[{"count":1,"href":"https:\/\/cultura.sma.gob.ar\/index.php?rest_route=\/wp\/v2\/posts\/2172\/revisions"}],"predecessor-version":[{"id":2174,"href":"https:\/\/cultura.sma.gob.ar\/index.php?rest_route=\/wp\/v2\/posts\/2172\/revisions\/2174"}],"wp:featuredmedia":[{"embeddable":true,"href":"https:\/\/cultura.sma.gob.ar\/index.php?rest_route=\/wp\/v2\/media\/297"}],"wp:attachment":[{"href":"https:\/\/cultura.sma.gob.ar\/index.php?rest_route=%2Fwp%2Fv2%2Fmedia&parent=2172"}],"wp:term":[{"taxonomy":"category","embeddable":true,"href":"https:\/\/cultura.sma.gob.ar\/index.php?rest_route=%2Fwp%2Fv2%2Fcategories&post=2172"},{"taxonomy":"post_tag","embeddable":true,"href":"https:\/\/cultura.sma.gob.ar\/index.php?rest_route=%2Fwp%2Fv2%2Ftags&post=2172"}],"curies":[{"name":"wp","href":"https:\/\/api.w.org\/{rel}","templated":true}]}}