{"id":2170,"date":"2021-09-13T09:17:51","date_gmt":"2021-09-13T12:17:51","guid":{"rendered":"http:\/\/cultura.sma.gob.ar\/?p=2170"},"modified":"2021-09-13T09:17:51","modified_gmt":"2021-09-13T12:17:51","slug":"exito-de-una-iniciativa-de-amigos-del-museo","status":"publish","type":"post","link":"https:\/\/cultura.sma.gob.ar\/?p=2170","title":{"rendered":"EXITO DE UNA INICIATIVA DE AMIGOS DEL MUSEO"},"content":{"rendered":"\n<p>Mediante Decreto 1393\/21 del Departamento Ejecutivo de San Mart\u00edn de los<br>Andes se da el nombre de &#8220;Mujeres Sanmartinenses&#8221; al espacio p\u00fablico<br>delimitado por las calles Villegas, Obeid, Juez del Valle y cnel. D\u00edaz,<br>situado frente a la terminal de \u00f3mnibus.<\/p>\n\n\n\n<p>La designaci\u00f3n es resultado de la iniciativa de la Asociaci\u00f3n Amigos del<br>Museo presentada por Expte. N\u00b0 5001\/21. Enterados de ella el Secretario<br>de Cultura, Gustavo Santos y la Directora de Derechos Humanos, Equidad<br>de G\u00e9nero, Diversidad y Mediaci\u00f3n Comunitaria, Emilia Otharan,<br>acompa\u00f1aron la propuesta.<\/p>\n\n\n\n<p>Los fundamentos de la solicitud planteada a la Intendencia Municipal son<br>los siguientes:<\/p>\n\n\n\n<p>* El 8 de marzo se celebra el D\u00eda Internacional de la Mujer y, al margen<br>de la inexistencia de una fecha que conmemore al hombre que para algunas<br>opiniones implica discriminaci\u00f3n, nos interesa subrayar el rol femenino<br>que exalta la fecha.<\/p>\n\n\n\n<p>* San Mart\u00edn de los Andes se forj\u00f3 con el aporte de personas cuyos<br>nombres conocemos, pero tambi\u00e9n con el de multitud de hombres y mujeres<br>an\u00f3nimas.<\/p>\n\n\n\n<p>* Ellas tuvieron una voluntad inquebrantable que super\u00f3 la calefacci\u00f3n<br>precaria, la ausencia de servicios esenciales, el aislamiento y la<br>distancia de centros poblados sin caminos ni comunicaciones eficientes.<\/p>\n\n\n\n<p>* Tambi\u00e9n signific\u00f3 enormes sacrificios de esposas, madres e hijas que<br>acompa\u00f1aron desde el trabajo, la dedicaci\u00f3n y el amor a sus esposos,<br>padres y hermanos.<\/p>\n\n\n\n<p>* Fueron lavanderas, modistas, enfermeras, planchadoras, parteras,<br>elaboradoras de quesos y manteca, reposteras, criadoras de aves de<br>corral, maestras, empleadas, mucamas, horticultoras, vendedoras,<br>productoras de dulces y encurtidos caseros, peluqueras, autoras de<br>costuras invisibles, etc. Despu\u00e9s ser\u00edan las primeras profesionales las<br>que aportaron lo suyo. Y todas atendieron los quehaceres de la casa y la<br>familia<\/p>\n\n\n\n<p>* Mediante acciones necesarias pero intangibles, fraguaron la&nbsp; historia<br>sanmartinense.<\/p>\n\n\n\n<p>* Consideramos necesario visibilizar tanta meritoria labor an\u00f3nima,<br>particularmente en las primeras d\u00e9cadas del siglo pasado cuando la<br>sociedad, en el mundo y en nuestro pa\u00eds, era marcadamente patriarcal y<br>reconoc\u00eda poco las tareas femeninas.<\/p>\n\n\n\n<p>* Creemos que reconocerlas es un deber de gratitud hacia muchas mujeres<br>de las que ignoramos el nombre, que pusieron cuerpo y alma para<br>sustentar la vida en este pueblo cordillerano.<\/p>\n\n\n\n<p>En s\u00edntesis, inmersos en la pandemia que impide el habitual programa de<br>actividades de la Asociaci\u00f3n, seguimos trabajando.<\/p>\n","protected":false},"excerpt":{"rendered":"<p>Nombran &#8220;Mujeres Sanmartinenses&#8221; a un espacio p\u00fablico en el centro de la ciudad. <a href=\"https:\/\/cultura.sma.gob.ar\/?p=2170\" class=\"more-link\">Continue reading <span class=\"screen-reader-text\">EXITO DE UNA INICIATIVA DE AMIGOS DEL MUSEO<\/span><\/a><\/p>\n","protected":false},"author":1,"featured_media":294,"comment_status":"closed","ping_status":"","sticky":false,"template":"","format":"image","meta":{"footnotes":""},"categories":[2,4],"tags":[],"class_list":["post-2170","post","type-post","status-publish","format-image","has-post-thumbnail","hentry","category-ciudad-cultural","category-museo-primeros-pobladores","post_format-post-format-image"],"_links":{"self":[{"href":"https:\/\/cultura.sma.gob.ar\/index.php?rest_route=\/wp\/v2\/posts\/2170","targetHints":{"allow":["GET"]}}],"collection":[{"href":"https:\/\/cultura.sma.gob.ar\/index.php?rest_route=\/wp\/v2\/posts"}],"about":[{"href":"https:\/\/cultura.sma.gob.ar\/index.php?rest_route=\/wp\/v2\/types\/post"}],"author":[{"embeddable":true,"href":"https:\/\/cultura.sma.gob.ar\/index.php?rest_route=\/wp\/v2\/users\/1"}],"replies":[{"embeddable":true,"href":"https:\/\/cultura.sma.gob.ar\/index.php?rest_route=%2Fwp%2Fv2%2Fcomments&post=2170"}],"version-history":[{"count":1,"href":"https:\/\/cultura.sma.gob.ar\/index.php?rest_route=\/wp\/v2\/posts\/2170\/revisions"}],"predecessor-version":[{"id":2171,"href":"https:\/\/cultura.sma.gob.ar\/index.php?rest_route=\/wp\/v2\/posts\/2170\/revisions\/2171"}],"wp:featuredmedia":[{"embeddable":true,"href":"https:\/\/cultura.sma.gob.ar\/index.php?rest_route=\/wp\/v2\/media\/294"}],"wp:attachment":[{"href":"https:\/\/cultura.sma.gob.ar\/index.php?rest_route=%2Fwp%2Fv2%2Fmedia&parent=2170"}],"wp:term":[{"taxonomy":"category","embeddable":true,"href":"https:\/\/cultura.sma.gob.ar\/index.php?rest_route=%2Fwp%2Fv2%2Fcategories&post=2170"},{"taxonomy":"post_tag","embeddable":true,"href":"https:\/\/cultura.sma.gob.ar\/index.php?rest_route=%2Fwp%2Fv2%2Ftags&post=2170"}],"curies":[{"name":"wp","href":"https:\/\/api.w.org\/{rel}","templated":true}]}}