{"id":2166,"date":"2021-09-10T10:52:18","date_gmt":"2021-09-10T13:52:18","guid":{"rendered":"http:\/\/cultura.sma.gob.ar\/?p=2166"},"modified":"2021-09-10T10:52:18","modified_gmt":"2021-09-10T13:52:18","slug":"hijo-del-campo-proximo-estreno-en-teatro-san-jose-presenta","status":"publish","type":"post","link":"https:\/\/cultura.sma.gob.ar\/?p=2166","title":{"rendered":"\u201cHijo del campo\u201d: pr\u00f3ximo estreno en Teatro San Jos\u00e9 Presenta"},"content":{"rendered":"\n<p>El pr\u00f3ximo s\u00e1bado 18 de septiembre, a las 21hs, el Teatro San Jos\u00e9 recibe a la Compa\u00f1\u00eda Teatro Casero, oriunda de El Bols\u00f3n, con su obra \u201cHijo del Campo\u201d. Esta presentaci\u00f3n cuenta con el apoyo del Instituto Nacional del Teatro.<\/p>\n\n\n\n<figure class=\"wp-block-image size-large\"><img loading=\"lazy\" decoding=\"async\" width=\"1024\" height=\"1024\" src=\"http:\/\/cultura.sma.gob.ar\/wp-content\/uploads\/2021\/09\/redes-01-1024x1024.jpg\" alt=\"\" class=\"wp-image-2167\" srcset=\"https:\/\/cultura.sma.gob.ar\/wp-content\/uploads\/2021\/09\/redes-01-1024x1024.jpg 1024w, https:\/\/cultura.sma.gob.ar\/wp-content\/uploads\/2021\/09\/redes-01-300x300.jpg 300w, https:\/\/cultura.sma.gob.ar\/wp-content\/uploads\/2021\/09\/redes-01-150x150.jpg 150w, https:\/\/cultura.sma.gob.ar\/wp-content\/uploads\/2021\/09\/redes-01-768x768.jpg 768w, https:\/\/cultura.sma.gob.ar\/wp-content\/uploads\/2021\/09\/redes-01-1536x1536.jpg 1536w, https:\/\/cultura.sma.gob.ar\/wp-content\/uploads\/2021\/09\/redes-01-90x90.jpg 90w, https:\/\/cultura.sma.gob.ar\/wp-content\/uploads\/2021\/09\/redes-01.jpg 1875w\" sizes=\"auto, (max-width: 1024px) 100vw, 1024px\" \/><\/figure>\n\n\n\n<p>Un hombre, hijo menor de una familia dedicada a&nbsp; la crianza de&nbsp; ovejas,&nbsp; nos convida a escuchar su vida en el campo patag\u00f3nico.&nbsp; Entre mate y mate se saborean sus rituales y recuerdos. Todo parecer\u00eda indicar que estamos dentro de una velada que remite a la monocrom\u00eda y simpleza de la meseta patag\u00f3nica.&nbsp; Sin embargo,&nbsp; algo va irrumpiendo en el relato del protagonista.&nbsp; Un acontecimiento que interpela los mandatos patriarcales provoca lo impensado.&nbsp; El paisaje,&nbsp; de pronto,&nbsp; se ti\u00f1e de rojo.<\/p>\n\n\n\n<p>Desde su estreno en enero de 2018,&nbsp; Hijo del Campo ha realizado funciones regulares en la Comarca&nbsp; Andina y ha girado por diferentes localidades de la regi\u00f3n patag\u00f3nica. Adem\u00e1s particip\u00f3 de: XXXI Encuentro Provincial de&nbsp; Teatro,&nbsp; Esquel 2018. 4to&nbsp; Festival&nbsp; Mon\u00f3logos Al Viento,&nbsp; Puerto Deseado 2019. 6to&nbsp; Nevadas Internacionales de&nbsp; Teatro,&nbsp; Bariloche 2019. 3er&nbsp; Festival de Integraci\u00f3n Regional,&nbsp; Viedma 2019. 7mo&nbsp; Festival Nacional de&nbsp; Teatro,&nbsp; Gral Roca 2019. 29\u00b0 Fiesta Provincial de&nbsp; Teatro de R\u00edo Negro,&nbsp; Viedma 2018, donde obtuvo los siguientes reconocimientos: 1er&nbsp; PREMIO&nbsp; para participar de la&nbsp; Fiesta Nacional del Teatro 2019. Menci\u00f3n Especial&nbsp; al Dise\u00f1o de Iluminaci\u00f3n.<\/p>\n\n\n\n<p><strong>Ficha t\u00e9cnica:<\/strong> Texto: Mart\u00edn Marcou; actuaci\u00f3n: Dar\u00edo Levin Francisco&nbsp; Pichetto; direcci\u00f3n: Adrien Vanneuville; iluminaci\u00f3n: Juliana&nbsp; Benedicti; direcci\u00f3n de arte: Kevin Orellanes; asesoramiento en vestuario: Gabriela&nbsp; Hern\u00e1ndez<\/p>\n","protected":false},"excerpt":{"rendered":"<p>S\u00e1bado 18 a las 21hs. Funci\u00f3n especial del programa teatro San Jos\u00e9 Presenta. <a href=\"https:\/\/cultura.sma.gob.ar\/?p=2166\" class=\"more-link\">Continue reading <span class=\"screen-reader-text\">\u201cHijo del campo\u201d: pr\u00f3ximo estreno en Teatro San Jos\u00e9 Presenta<\/span><\/a><\/p>\n","protected":false},"author":1,"featured_media":292,"comment_status":"closed","ping_status":"","sticky":false,"template":"","format":"image","meta":{"footnotes":""},"categories":[8,9],"tags":[],"class_list":["post-2166","post","type-post","status-publish","format-image","has-post-thumbnail","hentry","category-teatro-san-jose","category-ultimas-noticias","post_format-post-format-image"],"_links":{"self":[{"href":"https:\/\/cultura.sma.gob.ar\/index.php?rest_route=\/wp\/v2\/posts\/2166","targetHints":{"allow":["GET"]}}],"collection":[{"href":"https:\/\/cultura.sma.gob.ar\/index.php?rest_route=\/wp\/v2\/posts"}],"about":[{"href":"https:\/\/cultura.sma.gob.ar\/index.php?rest_route=\/wp\/v2\/types\/post"}],"author":[{"embeddable":true,"href":"https:\/\/cultura.sma.gob.ar\/index.php?rest_route=\/wp\/v2\/users\/1"}],"replies":[{"embeddable":true,"href":"https:\/\/cultura.sma.gob.ar\/index.php?rest_route=%2Fwp%2Fv2%2Fcomments&post=2166"}],"version-history":[{"count":1,"href":"https:\/\/cultura.sma.gob.ar\/index.php?rest_route=\/wp\/v2\/posts\/2166\/revisions"}],"predecessor-version":[{"id":2168,"href":"https:\/\/cultura.sma.gob.ar\/index.php?rest_route=\/wp\/v2\/posts\/2166\/revisions\/2168"}],"wp:featuredmedia":[{"embeddable":true,"href":"https:\/\/cultura.sma.gob.ar\/index.php?rest_route=\/wp\/v2\/media\/292"}],"wp:attachment":[{"href":"https:\/\/cultura.sma.gob.ar\/index.php?rest_route=%2Fwp%2Fv2%2Fmedia&parent=2166"}],"wp:term":[{"taxonomy":"category","embeddable":true,"href":"https:\/\/cultura.sma.gob.ar\/index.php?rest_route=%2Fwp%2Fv2%2Fcategories&post=2166"},{"taxonomy":"post_tag","embeddable":true,"href":"https:\/\/cultura.sma.gob.ar\/index.php?rest_route=%2Fwp%2Fv2%2Ftags&post=2166"}],"curies":[{"name":"wp","href":"https:\/\/api.w.org\/{rel}","templated":true}]}}