{"id":2160,"date":"2021-09-10T10:49:19","date_gmt":"2021-09-10T13:49:19","guid":{"rendered":"http:\/\/cultura.sma.gob.ar\/?p=2160"},"modified":"2021-09-10T10:49:19","modified_gmt":"2021-09-10T13:49:19","slug":"abre-la-convocatoria-2022-artes-visuales-de-la-sala-lidaura-chapitel","status":"publish","type":"post","link":"https:\/\/cultura.sma.gob.ar\/?p=2160","title":{"rendered":"Abre la convocatoria 2022-Artes Visuales de la Sala Lidaura Chapitel"},"content":{"rendered":"\n<p>La Secretar\u00eda de Cultura y Educaci\u00f3n de San Mart\u00edn de los Andes abre la\u00a0recepci\u00f3n de propuestas para exponer en la Sala Municipal de Exposiciones\u00a0\u201cLidaura Chapitel\u201d\u00a0durante el a\u00f1o\u00a02022. Se priorizar\u00e1 la selecci\u00f3n de por lo menos un 50% de artistas locales y el que obtenga mayor calificaci\u00f3n recibir\u00e1 un acompa\u00f1amiento para trasladar su muestra a otra ciudad del pa\u00eds.<\/p>\n\n\n\n<p><strong>PRESENTACI\u00d3N DE PROPUESTAS<\/strong><\/p>\n\n\n\n<p>Los artistas o colectivos visuales que deseen participar de la convocatoria tienen plazo&nbsp;<strong> <\/strong><strong>hasta el 22 de noviembre de 2021<\/strong>&nbsp; para enviar sus proyectos.<\/p>\n\n\n\n<p>Las presentaciones deber\u00e1n enviarse en <strong>un \u00fanico archivo pdf*<\/strong>, de hasta 5 MB, rotulado de la siguiente manera: apellido_nombre.pdf, a la direcci\u00f3n de correo:&nbsp;<a href=\"mailto:sala.chapitel@smandes.gov.ar\">sala.chapitel@smandes.gov.ar<\/a>&nbsp;, asunto: Convocatoria Sala 2022<\/p>\n\n\n\n<figure class=\"wp-block-image size-large\"><img loading=\"lazy\" decoding=\"async\" width=\"1024\" height=\"1024\" src=\"http:\/\/cultura.sma.gob.ar\/wp-content\/uploads\/2021\/09\/flyer-convocatoria-2022-1024x1024.jpg\" alt=\"\" class=\"wp-image-2162\" srcset=\"https:\/\/cultura.sma.gob.ar\/wp-content\/uploads\/2021\/09\/flyer-convocatoria-2022-1024x1024.jpg 1024w, https:\/\/cultura.sma.gob.ar\/wp-content\/uploads\/2021\/09\/flyer-convocatoria-2022-300x300.jpg 300w, https:\/\/cultura.sma.gob.ar\/wp-content\/uploads\/2021\/09\/flyer-convocatoria-2022-150x150.jpg 150w, https:\/\/cultura.sma.gob.ar\/wp-content\/uploads\/2021\/09\/flyer-convocatoria-2022-768x768.jpg 768w, https:\/\/cultura.sma.gob.ar\/wp-content\/uploads\/2021\/09\/flyer-convocatoria-2022-1536x1536.jpg 1536w, https:\/\/cultura.sma.gob.ar\/wp-content\/uploads\/2021\/09\/flyer-convocatoria-2022-90x90.jpg 90w, https:\/\/cultura.sma.gob.ar\/wp-content\/uploads\/2021\/09\/flyer-convocatoria-2022.jpg 1875w\" sizes=\"auto, (max-width: 1024px) 100vw, 1024px\" \/><\/figure>\n\n\n\n<p><strong>*El archivo deber\u00e1 contener la siguiente informaci\u00f3n:<\/strong><\/p>\n\n\n\n<p>1-Datos personales: nombre, fecha de nacimiento, lugar de residencia, datos de contacto (mail- tel\u00e9fono-p\u00e1gina web\/blog)<\/p>\n\n\n\n<p>2-Curr\u00edculum Vitae o Biograf\u00eda breve (m\u00e1ximo 1 carilla), que incluya su trayectoria y exposiciones realizadas.<\/p>\n\n\n\n<p>3-T\u00edtulo del proyecto. S\u00edntesis conceptual. Requerimientos log\u00edsticos\/t\u00e9cnicos y de montaje de obra, dos fechas sugeridas para su&nbsp; exposici\u00f3n.<\/p>\n\n\n\n<p>4-Listado del total de obras a exponer con los siguientes datos: t\u00edtulo, t\u00e9cnica, tama\u00f1o y&nbsp; a\u00f1o de realizaci\u00f3n.<\/p>\n\n\n\n<p>5- Un m\u00ednimo de 10 y m\u00e1ximo 15 im\u00e1genes de las obras presentadas con los siguientes datos al pie: t\u00edtulo, t\u00e9cnica, tama\u00f1o.<\/p>\n\n\n\n<p>6- Declaraci\u00f3n de autor\u00eda firmada con el siguiente formato:<\/p>\n\n\n\n<p>El artista declara&nbsp; y manifiesta&nbsp; que&nbsp; las obras presentadas son de su autor\u00eda, \u00e9l&nbsp; es su \u00fanico y absoluto creador, as\u00ed como su exclusivo y leg\u00edtimo propietario de todas y cada una de dichas Obras de Arte Originales y\/o posee todos los derechos, licencias, consentimientos, permisos y autorizaciones vigentes emitidas por autoridad competente que se requieran para ser publicadas sin \u00e1nimo de lucro. Firma y aclaraci\u00f3n.<\/p>\n\n\n\n<p><strong>SOBRE LA SELECCI\u00d3N DE OBRAS<\/strong><\/p>\n\n\n\n<p>Los proyectos ser\u00e1n evaluados por un&nbsp;JURADO EXTERNO DE SELECCI\u00d3N (un integrante local,&nbsp; regional, y otro nacional)<\/p>\n\n\n\n<p>La n\u00f3mina de seleccionados quedar\u00e1 conformada por un cincuenta por ciento de participaci\u00f3n de artistas locales y un cincuenta por ciento de artistas de otras ciudades.<\/p>\n\n\n\n<p>Al artista de otra ciudad argentina que obtenga la mejor calificaci\u00f3n en esta convocatoria 2022 se le cubrir\u00e1n los gastos de traslado de obra (m\u00e1ximo estimado de 1.5 m3), traslado personal (m\u00e1ximo equivalente a un pasaje ida y vuelta tramo Buenos Aires-SMA), alojamiento y comidas por hasta tres d\u00edas para que pueda estar presente en el montaje y la apertura de la muestra.<\/p>\n\n\n\n<p>Al artista de San Mart\u00edn de los Andes que obtenga la mejor calificaci\u00f3n se le ofrecer\u00e1 la cobertura de los mismos gastos: traslado de obra (m\u00e1ximo estimado de 1.5 m3), traslado personal (m\u00e1ximo equivalente a un pasaje ida y vuelta tramo Buenos Aires-SMA) y alojamiento y comidas por hasta tres d\u00edas para que pueda presentar su proyecto en otra ciudad del pa\u00eds.&nbsp;<\/p>\n\n\n\n<p>Este beneficio se mantendr\u00e1 vigente durante un a\u00f1o desde que el jurado de selecci\u00f3n se expida y para utilizarlo el\/la artista deber\u00e1 dar aviso a la Secretar\u00eda de Cultura por lo menos dos meses antes de la realizaci\u00f3n de la muestra, y presentar la invitaci\u00f3n correspondiente, que deber\u00e1 estar respaldada por alg\u00fan organismo p\u00fablico del lugar desde donde se curs\u00f3 la invitaci\u00f3n.&nbsp;<\/p>\n\n\n\n<p><strong>OBSERVACIONES<\/strong><\/p>\n\n\n\n<p>Se priorizar\u00e1n aquellos artistas que no hayan expuesto durante el a\u00f1o 2020\/2021.<\/p>\n\n\n\n<p>No se aceptar\u00e1n propuestas incompletas o que no cumplan con alguno de los requisitos.<\/p>\n\n\n\n<p>La sala aportar\u00e1, en todos los casos: la curadur\u00eda del proyecto, acompa\u00f1amiento en&nbsp; montaje, las piezas gr\u00e1ficas presentes en el espacio y las de difusi\u00f3n digital (flyers, textos de sala, biograf\u00edas, nomencladores, carteler\u00eda exterior), campa\u00f1a de prensa y comunicaci\u00f3n en medios locales y provinciales, y vernissage.<\/p>\n\n\n\n<p>Para mayor informaci\u00f3n comunicarse con la Sala Municipal de Exposiciones de San Mart\u00edn de los Andes: <a href=\"mailto:sala.chapitel@smandes.gov.ar\">sala.chapitel@smandes.gov.ar<\/a>.<\/p>\n","protected":false},"excerpt":{"rendered":"<p>Abierta hasta el 22 de noviembre. Ingresa para conocer la propuesta. <a href=\"https:\/\/cultura.sma.gob.ar\/?p=2160\" class=\"more-link\">Continue reading <span class=\"screen-reader-text\">Abre la convocatoria 2022-Artes Visuales de la Sala Lidaura Chapitel<\/span><\/a><\/p>\n","protected":false},"author":1,"featured_media":295,"comment_status":"closed","ping_status":"","sticky":false,"template":"","format":"image","meta":{"footnotes":""},"categories":[6,1,9],"tags":[],"class_list":["post-2160","post","type-post","status-publish","format-image","has-post-thumbnail","hentry","category-sala-lidaura-chapitel","category-sin-categoria","category-ultimas-noticias","post_format-post-format-image"],"_links":{"self":[{"href":"https:\/\/cultura.sma.gob.ar\/index.php?rest_route=\/wp\/v2\/posts\/2160","targetHints":{"allow":["GET"]}}],"collection":[{"href":"https:\/\/cultura.sma.gob.ar\/index.php?rest_route=\/wp\/v2\/posts"}],"about":[{"href":"https:\/\/cultura.sma.gob.ar\/index.php?rest_route=\/wp\/v2\/types\/post"}],"author":[{"embeddable":true,"href":"https:\/\/cultura.sma.gob.ar\/index.php?rest_route=\/wp\/v2\/users\/1"}],"replies":[{"embeddable":true,"href":"https:\/\/cultura.sma.gob.ar\/index.php?rest_route=%2Fwp%2Fv2%2Fcomments&post=2160"}],"version-history":[{"count":2,"href":"https:\/\/cultura.sma.gob.ar\/index.php?rest_route=\/wp\/v2\/posts\/2160\/revisions"}],"predecessor-version":[{"id":2163,"href":"https:\/\/cultura.sma.gob.ar\/index.php?rest_route=\/wp\/v2\/posts\/2160\/revisions\/2163"}],"wp:featuredmedia":[{"embeddable":true,"href":"https:\/\/cultura.sma.gob.ar\/index.php?rest_route=\/wp\/v2\/media\/295"}],"wp:attachment":[{"href":"https:\/\/cultura.sma.gob.ar\/index.php?rest_route=%2Fwp%2Fv2%2Fmedia&parent=2160"}],"wp:term":[{"taxonomy":"category","embeddable":true,"href":"https:\/\/cultura.sma.gob.ar\/index.php?rest_route=%2Fwp%2Fv2%2Fcategories&post=2160"},{"taxonomy":"post_tag","embeddable":true,"href":"https:\/\/cultura.sma.gob.ar\/index.php?rest_route=%2Fwp%2Fv2%2Ftags&post=2160"}],"curies":[{"name":"wp","href":"https:\/\/api.w.org\/{rel}","templated":true}]}}