{"id":2137,"date":"2021-09-09T09:20:49","date_gmt":"2021-09-09T12:20:49","guid":{"rendered":"http:\/\/cultura.sma.gob.ar\/?p=2137"},"modified":"2021-09-09T09:20:49","modified_gmt":"2021-09-09T12:20:49","slug":"comienza-el-festival-cine-a-la-vista","status":"publish","type":"post","link":"https:\/\/cultura.sma.gob.ar\/?p=2137","title":{"rendered":"Comienza el Festival Cine a la Vista!"},"content":{"rendered":"\n<figure class=\"wp-block-image size-large\"><img loading=\"lazy\" decoding=\"async\" width=\"1024\" height=\"1024\" src=\"http:\/\/cultura.sma.gob.ar\/wp-content\/uploads\/2021\/09\/01-Formacion-Redes-1-1024x1024.jpeg\" alt=\"\" class=\"wp-image-2138\" srcset=\"https:\/\/cultura.sma.gob.ar\/wp-content\/uploads\/2021\/09\/01-Formacion-Redes-1-1024x1024.jpeg 1024w, https:\/\/cultura.sma.gob.ar\/wp-content\/uploads\/2021\/09\/01-Formacion-Redes-1-300x300.jpeg 300w, https:\/\/cultura.sma.gob.ar\/wp-content\/uploads\/2021\/09\/01-Formacion-Redes-1-150x150.jpeg 150w, https:\/\/cultura.sma.gob.ar\/wp-content\/uploads\/2021\/09\/01-Formacion-Redes-1-768x768.jpeg 768w, https:\/\/cultura.sma.gob.ar\/wp-content\/uploads\/2021\/09\/01-Formacion-Redes-1-90x90.jpeg 90w, https:\/\/cultura.sma.gob.ar\/wp-content\/uploads\/2021\/09\/01-Formacion-Redes-1.jpeg 1080w\" sizes=\"auto, (max-width: 1024px) 100vw, 1024px\" \/><\/figure>\n\n\n\n<p>La 7ma edici\u00f3n del Festival Internacional de Cine para adolescentes Cine a la Vista! se podr\u00e1 disfrutar doblemente desde el 9 al 15 de septiembre, ya que podr\u00e1 verse presencialmente en el Centro Cultural Cotesma y en modo on line a trav\u00e9s de la plataforma web cineindependiente.ar Habr\u00e1 pel\u00edculas nacionales e internacionales, cortometrajes realizados por adolescentes y un Foro Latinoamericano sobre Cine, J\u00f3venes y Educaci\u00f3n.<\/p>\n\n\n\n<p>Como se sabe, Cine a la Vista! es un festival caracterizado por su Jurado, conformado exclusivamente por adolescentes que a lo largo de sus ediciones llegaban desde distintos puntos de la Argentina, Brasil, Uruguay y Chile hasta San Mart\u00edn de los Andes para visualizar, debatir y elegir a las mejores producciones cinematogr\u00e1ficas.<\/p>\n\n\n\n<p>Este a\u00f1o, la situaci\u00f3n sanitaria ha provocado la posibilidad de que Cine a la Vista! se expanda hacia otras ciudades a trav\u00e9s de la plataforma web cineindependiente.ar, en la cual el p\u00fablico tambi\u00e9n podr\u00e1 emitir su voto.<\/p>\n\n\n\n<p>All\u00ed se podr\u00e1n encontrar las pel\u00edculas en competencia, cortometrajes realizados por adolescentes y la muestra paralela, compuesta por algunas novedades y por una retrospectiva de pel\u00edculas que han sido aclamadas por el p\u00fablico juvenil en ediciones anteriores.<\/p>\n\n\n\n<p>En tanto que en el Centro Cultural Cotesma se proyectar\u00e1n s\u00f3lo las proyecciones en competencia seg\u00fan el siguiente cronograma:<br>&#8211; Jueves 9 de septiembre:<br>\u25cf 19hs. \u201cMal Editado\u201d (Argentina)<br>\u25cf 21hs. \u201cCorpus Christi\u201d (Polonia)<\/p>\n\n\n\n<p>&#8211; Viernes 10 de septiembre:<br>\u25cf 19hs. \u201cLaNamQom\u201d (Argentina)<br>\u25cf 21hs. \u201cNi\u00f1a Mam\u00e1\u201d, (Argentina) con la presencia de su directora Andrea Testa y parte de su equipo<\/p>\n\n\n\n<p>&#8211; S\u00e1bado 11 de Septiembre:<br>\u25cf 17.30hs. Cortometrajes realizados por adolescentes<br>\u25cf 20hs. \u201cEl Laberinto de las Lunas\u201d (Argentina)<br>\u25cf 22hs. \u201cEl Maestro\u201d (Argentina)<\/p>\n\n\n\n<p>&#8211; Martes 14 de septiembre:<br>\u25cf 19hs. \u201cLimiar\u201d (Brasil)<br>\u25cf 21hs. \u201cStand Up Villero\u201d (Aregntina)<\/p>\n\n\n\n<p>&#8211; Mi\u00e9rcoles 15 de septiembre:<br>\u25cf 19hs. \u201cFat Front\u201d (Dinamarca)<br>\u25cf 21hs. \u201cLa ciudad de las fieras\u201d (Colombia)<\/p>\n\n\n\n<p>Este a\u00f1o, adem\u00e1s, la categor\u00eda \u201ccortometrajes realizados por adolescentes\u201d tendr\u00e1 un jurado conformado por j\u00f3venes mayores de 18 a\u00f1os que ya han vivido la experiencia Cine a la Vista. Los cortos, son producciones realizadas en Villa La Angostura, Chaco, Buenos Aires, Chile y Uruguay.<\/p>\n\n\n\n<p>En la muestra paralela, se podr\u00e1n encontrar m\u00e1s de 15 pel\u00edculas que han pasado por el Festival en ediciones anteriores. Tambi\u00e9n habr\u00e1 algunas novedades como:<br>\u25cf Soy Aim\u00e9<br>\u25cf Historias de Jojolos<br>\u25cf El Gran R\u00edo<br>\u25cf Selecci\u00f3n \u201c7 Seconds International Film Festival\u201d<\/p>\n\n\n\n<p>Cabe mencionar que a pesar de no poder viajar hasta San Mart\u00edn de los Andes, muchos j\u00f3venes se reunir\u00e1n en sus propias localidades para poder formar parte de esta edici\u00f3n. As\u00ed lo han organizado en la ciudad de Santa Fe, en La Matanza (provincia de Buenos Aires), El Bols\u00f3n (R\u00edo Negro), Villa La Angostura (Neuqu\u00e9n) y hasta en Santiago de Chile.<\/p>\n\n\n\n<p>En tanto que el Foro Latinoamericano sobre Cine, J\u00f3venes y Educaci\u00f3n contar\u00e1 con la participaci\u00f3n de formadores y profesionales de Per\u00fa, Brasil, Chile y Argentina.<br>Para inscribirse, hay que comunicarse al mail isabelmarcon@gmail.com<\/p>\n\n\n\n<p>Toda la informaci\u00f3n la pod\u00e9s encontrar en: www.cinealavista.com<br>\ud83d\udce7info@cinealavista.com<br>f\/festivalcinealavista<br>ig\/ festivalcinealavista<\/p>\n","protected":false},"excerpt":{"rendered":"<p>Del 9 al 15 de septiembre en el Centro Cultural Cotesma. <a href=\"https:\/\/cultura.sma.gob.ar\/?p=2137\" class=\"more-link\">Continue reading <span class=\"screen-reader-text\">Comienza el Festival Cine a la Vista!<\/span><\/a><\/p>\n","protected":false},"author":1,"featured_media":297,"comment_status":"closed","ping_status":"","sticky":false,"template":"","format":"image","meta":{"footnotes":""},"categories":[1],"tags":[],"class_list":["post-2137","post","type-post","status-publish","format-image","has-post-thumbnail","hentry","category-sin-categoria","post_format-post-format-image"],"_links":{"self":[{"href":"https:\/\/cultura.sma.gob.ar\/index.php?rest_route=\/wp\/v2\/posts\/2137","targetHints":{"allow":["GET"]}}],"collection":[{"href":"https:\/\/cultura.sma.gob.ar\/index.php?rest_route=\/wp\/v2\/posts"}],"about":[{"href":"https:\/\/cultura.sma.gob.ar\/index.php?rest_route=\/wp\/v2\/types\/post"}],"author":[{"embeddable":true,"href":"https:\/\/cultura.sma.gob.ar\/index.php?rest_route=\/wp\/v2\/users\/1"}],"replies":[{"embeddable":true,"href":"https:\/\/cultura.sma.gob.ar\/index.php?rest_route=%2Fwp%2Fv2%2Fcomments&post=2137"}],"version-history":[{"count":1,"href":"https:\/\/cultura.sma.gob.ar\/index.php?rest_route=\/wp\/v2\/posts\/2137\/revisions"}],"predecessor-version":[{"id":2139,"href":"https:\/\/cultura.sma.gob.ar\/index.php?rest_route=\/wp\/v2\/posts\/2137\/revisions\/2139"}],"wp:featuredmedia":[{"embeddable":true,"href":"https:\/\/cultura.sma.gob.ar\/index.php?rest_route=\/wp\/v2\/media\/297"}],"wp:attachment":[{"href":"https:\/\/cultura.sma.gob.ar\/index.php?rest_route=%2Fwp%2Fv2%2Fmedia&parent=2137"}],"wp:term":[{"taxonomy":"category","embeddable":true,"href":"https:\/\/cultura.sma.gob.ar\/index.php?rest_route=%2Fwp%2Fv2%2Fcategories&post=2137"},{"taxonomy":"post_tag","embeddable":true,"href":"https:\/\/cultura.sma.gob.ar\/index.php?rest_route=%2Fwp%2Fv2%2Ftags&post=2137"}],"curies":[{"name":"wp","href":"https:\/\/api.w.org\/{rel}","templated":true}]}}