{"id":2129,"date":"2021-09-06T09:45:37","date_gmt":"2021-09-06T12:45:37","guid":{"rendered":"http:\/\/cultura.sma.gob.ar\/?p=2129"},"modified":"2021-09-06T09:45:37","modified_gmt":"2021-09-06T12:45:37","slug":"soema-montenegro-en-concierto","status":"publish","type":"post","link":"https:\/\/cultura.sma.gob.ar\/?p=2129","title":{"rendered":"Soema Montenegro en concierto"},"content":{"rendered":"\n<p>La cantante, compositora experimental e investigadora de la voz latinoamericana<strong>\u00a0Soema Montenegro\u00a0<\/strong>visitar\u00e1 las localidades de Jun\u00edn y San Mart\u00edn de los Andes la semana del 28 de septiembre al 5 de octubre en el marco del Ciclo \u201cM\u00fasicas en Patagonia\u201d organizado por La R\u00eda Producciones.<br><br>Considerada por la prensa una de las voces de vanguardia en la escena actual de la m\u00fasica popular, Soema Montenegro interpreta m\u00fasica latinoamericana, folklore, canto nativo y urbano. Cuenta con tres discos propios editados y disponibles en todas las plataformas musicales. Ha recibido elogios de la cr\u00edtica de audiencias internacionales en todo el mundo. <\/p>\n\n\n\n<p>En su visita a esta regi\u00f3n, ofrecer\u00e1 un&nbsp;<strong>concierto el s\u00e1bado 2 de octubre a las 20 hs en la Sala Amankay&nbsp; del Centro Cultural Cotesma de San Mart\u00edn de los Andes<\/strong>. Las entradas est\u00e1n a la venta en la boleter\u00eda de COTESMA. Tienen un costo de $500 anticipadas y $600 en puerta.<\/p>\n\n\n\n<figure class=\"wp-block-image size-large\"><img loading=\"lazy\" decoding=\"async\" width=\"1024\" height=\"1024\" src=\"http:\/\/cultura.sma.gob.ar\/wp-content\/uploads\/2021\/09\/POST-CUADRADO-CONCIERTO-1024x1024.png\" alt=\"\" class=\"wp-image-2130\" srcset=\"https:\/\/cultura.sma.gob.ar\/wp-content\/uploads\/2021\/09\/POST-CUADRADO-CONCIERTO-1024x1024.png 1024w, https:\/\/cultura.sma.gob.ar\/wp-content\/uploads\/2021\/09\/POST-CUADRADO-CONCIERTO-300x300.png 300w, https:\/\/cultura.sma.gob.ar\/wp-content\/uploads\/2021\/09\/POST-CUADRADO-CONCIERTO-150x150.png 150w, https:\/\/cultura.sma.gob.ar\/wp-content\/uploads\/2021\/09\/POST-CUADRADO-CONCIERTO-768x768.png 768w, https:\/\/cultura.sma.gob.ar\/wp-content\/uploads\/2021\/09\/POST-CUADRADO-CONCIERTO-90x90.png 90w, https:\/\/cultura.sma.gob.ar\/wp-content\/uploads\/2021\/09\/POST-CUADRADO-CONCIERTO.png 1080w\" sizes=\"auto, (max-width: 1024px) 100vw, 1024px\" \/><\/figure>\n\n\n\n<p>Tambi\u00e9n ofrecer\u00e1 dos&nbsp;<strong>encuentros-talleres en Jun\u00edn de los Andes<\/strong>, ambos en el espacio cultural LA NECO (Necochea 65):<br>Jueves 30 de septiembre a las 20.30 hs:&nbsp;<strong>ENCUENTRO DE CANTO RESONANTE.&nbsp;<\/strong><strong>Canto Resonante consiste en un abordaje hol\u00edstico o integral que incluye pr\u00e1cticas, t\u00e9cnicas y metodolog\u00edas para entrenar la voz, trabajando junto con el movimiento y la emocionalidad.&nbsp;<\/strong><\/p>\n\n\n\n<p>Domingo 3 de octubre a las 16.00 hs:&nbsp;<strong>ENCUENTRO \u201cLA VOZ ANCESTRAL\u201d<\/strong>. Por medio de simples pr\u00e1cticas que nos permiten conectarnos con el cuerpo, abriremos los sentidos enfocados en los elementos que componen nuestra madre tierra y nuestro propio cuerpo, iluminar en conciencia nuestra propia ancestralidad y abrir los portales sonoros de nuestra propia voz.<\/p>\n\n\n\n<p>En ambos casos NO se requiere experiencia previa ni son exclusivos para cantantes.&nbsp;&nbsp;<\/p>\n\n\n\n<p>Para inscribirse, escribir a La R\u00eda Producciones. Las v\u00edas de contacto son:<br>WhatsApp: +54911 5008 9353 (Victoria) \/ +593 98 166 1396 (Carla)<br>Email:&nbsp;<a href=\"https:\/\/correo.smandes.gov.ar\/owa\/redir.aspx?C=5f0375cde477417f903511d53ef9280d&amp;URL=mailto%3ainfo%40lariaproducciones.com.+\">info@lariaproducciones.com.<\/a><br>Instagram\/Facebook: @lariaproducciones<\/p>\n","protected":false},"excerpt":{"rendered":"<p>Concierto en la Sala Amankay, el s\u00e1bado 2 de octubre a las 20hs. Adem\u00e1s habr\u00e1 dos talleres: Encuentro de canto resonante y encuentro sobre La voz Ancestral. <a href=\"https:\/\/cultura.sma.gob.ar\/?p=2129\" class=\"more-link\">Continue reading <span class=\"screen-reader-text\">Soema Montenegro en concierto<\/span><\/a><\/p>\n","protected":false},"author":1,"featured_media":297,"comment_status":"closed","ping_status":"","sticky":false,"template":"","format":"image","meta":{"footnotes":""},"categories":[2],"tags":[66],"class_list":["post-2129","post","type-post","status-publish","format-image","has-post-thumbnail","hentry","category-ciudad-cultural","tag-musica-en-vivo","post_format-post-format-image"],"_links":{"self":[{"href":"https:\/\/cultura.sma.gob.ar\/index.php?rest_route=\/wp\/v2\/posts\/2129","targetHints":{"allow":["GET"]}}],"collection":[{"href":"https:\/\/cultura.sma.gob.ar\/index.php?rest_route=\/wp\/v2\/posts"}],"about":[{"href":"https:\/\/cultura.sma.gob.ar\/index.php?rest_route=\/wp\/v2\/types\/post"}],"author":[{"embeddable":true,"href":"https:\/\/cultura.sma.gob.ar\/index.php?rest_route=\/wp\/v2\/users\/1"}],"replies":[{"embeddable":true,"href":"https:\/\/cultura.sma.gob.ar\/index.php?rest_route=%2Fwp%2Fv2%2Fcomments&post=2129"}],"version-history":[{"count":1,"href":"https:\/\/cultura.sma.gob.ar\/index.php?rest_route=\/wp\/v2\/posts\/2129\/revisions"}],"predecessor-version":[{"id":2131,"href":"https:\/\/cultura.sma.gob.ar\/index.php?rest_route=\/wp\/v2\/posts\/2129\/revisions\/2131"}],"wp:featuredmedia":[{"embeddable":true,"href":"https:\/\/cultura.sma.gob.ar\/index.php?rest_route=\/wp\/v2\/media\/297"}],"wp:attachment":[{"href":"https:\/\/cultura.sma.gob.ar\/index.php?rest_route=%2Fwp%2Fv2%2Fmedia&parent=2129"}],"wp:term":[{"taxonomy":"category","embeddable":true,"href":"https:\/\/cultura.sma.gob.ar\/index.php?rest_route=%2Fwp%2Fv2%2Fcategories&post=2129"},{"taxonomy":"post_tag","embeddable":true,"href":"https:\/\/cultura.sma.gob.ar\/index.php?rest_route=%2Fwp%2Fv2%2Ftags&post=2129"}],"curies":[{"name":"wp","href":"https:\/\/api.w.org\/{rel}","templated":true}]}}