{"id":2126,"date":"2021-09-06T09:41:00","date_gmt":"2021-09-06T12:41:00","guid":{"rendered":"http:\/\/cultura.sma.gob.ar\/?p=2126"},"modified":"2021-09-06T09:41:00","modified_gmt":"2021-09-06T12:41:00","slug":"teatro-por-la-identidad-en-el-piccolo","status":"publish","type":"post","link":"https:\/\/cultura.sma.gob.ar\/?p=2126","title":{"rendered":"Teatro por la Identidad en el Piccolo"},"content":{"rendered":"\n<p><strong>EL COFRE Colectivo Art\u00edstico<\/strong>&nbsp;te invita y te espera.<\/p>\n\n\n\n<p>&#8221; hay 300 personas que a\u00fan no pueden elegir vivir su propio personaje; actuar desde la&nbsp;identidad que la vida ten\u00eda para ellos e interpretan, sin saberlo, un libreto escrito por otros &#8221; &#8230; Mat\u00edas Darroux Mijalchuk, Nieto 130, presentaci\u00f3n Proyecto Escenas con Identidad C\u00f3rdoba, Julio 2021<\/p>\n\n\n\n<p><strong>Presenta:<\/strong><\/p>\n\n\n\n<p><strong>\u201cMON\u00d3LOGOS\u201d<\/strong><\/p>\n\n\n\n<p><strong>Teatro por la identidad &#8211; TXI<\/strong><\/p>\n\n\n\n<p><em>S\u00c1BADO 11 DE SEPTIEMBRE, 21:00 (ENTRADAS AGOTADAS)<\/em><\/p>\n\n\n\n<p><em>DOMINGO 12 DE SEPTIEMBRE, 20 HS.<\/em><\/p>\n\n\n\n<p><em>PICCOLO Espacio de Arte<\/em><\/p>\n\n\n\n<p>ENTRADA A LA GORRA, m\u00ednima de $200<\/p>\n\n\n\n<p>Butacas limitadas por protocolo<\/p>\n\n\n\n<p>RESERVAS SOLO AL: wpp +549 2944414446<\/p>\n\n\n\n<figure class=\"wp-block-image size-large\"><img loading=\"lazy\" decoding=\"async\" width=\"500\" height=\"500\" src=\"http:\/\/cultura.sma.gob.ar\/wp-content\/uploads\/2021\/09\/240485492_298646955357395_9000621081068093028_n.jpg\" alt=\"\" class=\"wp-image-2127\" srcset=\"https:\/\/cultura.sma.gob.ar\/wp-content\/uploads\/2021\/09\/240485492_298646955357395_9000621081068093028_n.jpg 500w, https:\/\/cultura.sma.gob.ar\/wp-content\/uploads\/2021\/09\/240485492_298646955357395_9000621081068093028_n-300x300.jpg 300w, https:\/\/cultura.sma.gob.ar\/wp-content\/uploads\/2021\/09\/240485492_298646955357395_9000621081068093028_n-150x150.jpg 150w, https:\/\/cultura.sma.gob.ar\/wp-content\/uploads\/2021\/09\/240485492_298646955357395_9000621081068093028_n-90x90.jpg 90w\" sizes=\"auto, (max-width: 500px) 100vw, 500px\" \/><\/figure>\n\n\n\n<p>&#8220;SOY&#8221; CANCI\u00d3N de YAMAND\u00da y TABAR\u00c9 CARDOZO &#8211; Act\u00faa: Marian Taberniso<\/p>\n\n\n\n<p>&#8220;CUANDO VES PASAR EL TREN\u201d de MALENA TYTELMAN &#8211; Act\u00faa: Esteban Garay<\/p>\n\n\n\n<p>&#8220;EL DEBUT&#8221; de GABRIEL GRAVES &#8211; Act\u00faa: Andr\u00e9s Archila<\/p>\n\n\n\n<p>&#8220;UNA ESTIRPE DE PETISAS&#8221; de PATRICIA ZANGARO &#8211; Act\u00faa:&nbsp; Claudia Lauscher<\/p>\n\n\n\n<p>&#8220;CORRER&#8221; de MARIANO SABA &#8211; Act\u00faa: Pablo Cala<\/p>\n\n\n\n<p>CON M\u00daSICA EN VIVO:&nbsp; Gabriel Wilko y Milena L\u00b4Argentiere<\/p>\n\n\n\n<p>DIRECCI\u00d3N: Celeste Contreras \/ PRODUCCI\u00d3N: Claudia Lauscher \/ T\u00c9CNICA: Rodolfo Marino \/DISE\u00d1O DE LUCES: Andr\u00e9s Archila \/ FOTOGRAF\u00cdA FIJA:&nbsp; Mariana Taberniso, Ana Albornoz, Claudia Fresnedo \/ DISE\u00d1O, GR\u00c1FICA Y COMUNICACI\u00d3N:&nbsp; Ana Albornoz, Micaela Herz \/ ESCENOGRAF\u00cdA Y VESTUARIO: El Cofre<\/p>\n","protected":false},"excerpt":{"rendered":"<p>Domingo 12 de septiembre, a las 20hs en el teatro Piccolo. <a href=\"https:\/\/cultura.sma.gob.ar\/?p=2126\" class=\"more-link\">Continue reading <span class=\"screen-reader-text\">Teatro por la Identidad en el Piccolo<\/span><\/a><\/p>\n","protected":false},"author":1,"featured_media":297,"comment_status":"closed","ping_status":"","sticky":false,"template":"","format":"image","meta":{"footnotes":""},"categories":[2],"tags":[46],"class_list":["post-2126","post","type-post","status-publish","format-image","has-post-thumbnail","hentry","category-ciudad-cultural","tag-teatro","post_format-post-format-image"],"_links":{"self":[{"href":"https:\/\/cultura.sma.gob.ar\/index.php?rest_route=\/wp\/v2\/posts\/2126","targetHints":{"allow":["GET"]}}],"collection":[{"href":"https:\/\/cultura.sma.gob.ar\/index.php?rest_route=\/wp\/v2\/posts"}],"about":[{"href":"https:\/\/cultura.sma.gob.ar\/index.php?rest_route=\/wp\/v2\/types\/post"}],"author":[{"embeddable":true,"href":"https:\/\/cultura.sma.gob.ar\/index.php?rest_route=\/wp\/v2\/users\/1"}],"replies":[{"embeddable":true,"href":"https:\/\/cultura.sma.gob.ar\/index.php?rest_route=%2Fwp%2Fv2%2Fcomments&post=2126"}],"version-history":[{"count":1,"href":"https:\/\/cultura.sma.gob.ar\/index.php?rest_route=\/wp\/v2\/posts\/2126\/revisions"}],"predecessor-version":[{"id":2128,"href":"https:\/\/cultura.sma.gob.ar\/index.php?rest_route=\/wp\/v2\/posts\/2126\/revisions\/2128"}],"wp:featuredmedia":[{"embeddable":true,"href":"https:\/\/cultura.sma.gob.ar\/index.php?rest_route=\/wp\/v2\/media\/297"}],"wp:attachment":[{"href":"https:\/\/cultura.sma.gob.ar\/index.php?rest_route=%2Fwp%2Fv2%2Fmedia&parent=2126"}],"wp:term":[{"taxonomy":"category","embeddable":true,"href":"https:\/\/cultura.sma.gob.ar\/index.php?rest_route=%2Fwp%2Fv2%2Fcategories&post=2126"},{"taxonomy":"post_tag","embeddable":true,"href":"https:\/\/cultura.sma.gob.ar\/index.php?rest_route=%2Fwp%2Fv2%2Ftags&post=2126"}],"curies":[{"name":"wp","href":"https:\/\/api.w.org\/{rel}","templated":true}]}}