{"id":2112,"date":"2021-09-02T08:37:22","date_gmt":"2021-09-02T11:37:22","guid":{"rendered":"http:\/\/cultura.sma.gob.ar\/?p=2112"},"modified":"2021-09-03T10:55:14","modified_gmt":"2021-09-03T13:55:14","slug":"summa-ascensis-nuevo-estreno-en-el-teatro-san-jose","status":"publish","type":"post","link":"https:\/\/cultura.sma.gob.ar\/?p=2112","title":{"rendered":"SUMMA ASCENSIS: nuevo estreno en el teatro San Jos\u00e9"},"content":{"rendered":"\n<p>Como parte de la agenda de obras teatrales ofrecidas en el marco del <strong>Programa Teatro San Jos\u00e9 Presenta<\/strong>, que propone entradas a precio promocional para alentar el acceso y la difusi\u00f3n de las artes esc\u00e9nicas, llega &#8220;<strong>Summa Ascencis o del imposible abandono&#8221;<\/strong><\/p>\n\n\n\n<p>La obra, dirigida y protagonizada por Teresa Istillarte y Lucas Verduga Santill\u00e1n, se presentar\u00e1 el pr\u00f3ximo <strong>viernes 10 y s\u00e1bado 11 de septiembe a las 21hs.<\/strong> Las entradas, con un valor de $100, se pondr\u00e1n a la venta a partir del lunes 6 de septiembre en la boleter\u00eda del teatro. Se recomienda tener en cuenta el aforo limitado por protocolo sanitario.<\/p>\n\n\n\n<figure class=\"wp-block-image size-large\"><img loading=\"lazy\" decoding=\"async\" width=\"1024\" height=\"1024\" src=\"http:\/\/cultura.sma.gob.ar\/wp-content\/uploads\/2021\/09\/1630677155545_redes-01-1024x1024.jpg\" alt=\"\" class=\"wp-image-2122\" srcset=\"https:\/\/cultura.sma.gob.ar\/wp-content\/uploads\/2021\/09\/1630677155545_redes-01-1024x1024.jpg 1024w, https:\/\/cultura.sma.gob.ar\/wp-content\/uploads\/2021\/09\/1630677155545_redes-01-300x300.jpg 300w, https:\/\/cultura.sma.gob.ar\/wp-content\/uploads\/2021\/09\/1630677155545_redes-01-150x150.jpg 150w, https:\/\/cultura.sma.gob.ar\/wp-content\/uploads\/2021\/09\/1630677155545_redes-01-768x768.jpg 768w, https:\/\/cultura.sma.gob.ar\/wp-content\/uploads\/2021\/09\/1630677155545_redes-01-1536x1536.jpg 1536w, https:\/\/cultura.sma.gob.ar\/wp-content\/uploads\/2021\/09\/1630677155545_redes-01-90x90.jpg 90w, https:\/\/cultura.sma.gob.ar\/wp-content\/uploads\/2021\/09\/1630677155545_redes-01.jpg 1875w\" sizes=\"auto, (max-width: 1024px) 100vw, 1024px\" \/><\/figure>\n\n\n\n<p>Esta obra, apta para mayores de 10 a\u00f1os, est\u00e1 inspirada en ciertas reminiscencias de \u201cEl monte an\u00e1logo\u201d, de Ren\u00e9 Daumal. Dos personajes en un descampado, sepultando secretamente a un amigo en com\u00fan, intentan develar las dudosas y extra\u00f1as circunstancias que los vinculan.<\/p>\n\n\n\n<p>La puesta en escena est\u00e1 a cargo de Sandra Franzen, el dise\u00f1o de Iluminaci\u00f3n es de Gustavo Lozano y la asistencia T\u00e9cnica de Adriana Mart\u00ednez Araujo. Para consultar o reservar entradas se pueden comunicar con el teatro por tel\u00e9fono al 424803.<\/p>\n","protected":false},"excerpt":{"rendered":"<p>S\u00e1bado 10 y domingo 11 de septiembre a las 21hs. <a href=\"https:\/\/cultura.sma.gob.ar\/?p=2112\" class=\"more-link\">Continue reading <span class=\"screen-reader-text\">SUMMA ASCENSIS: nuevo estreno en el teatro San Jos\u00e9<\/span><\/a><\/p>\n","protected":false},"author":1,"featured_media":2114,"comment_status":"closed","ping_status":"","sticky":false,"template":"","format":"image","meta":{"footnotes":""},"categories":[8,9],"tags":[65,46],"class_list":["post-2112","post","type-post","status-publish","format-image","has-post-thumbnail","hentry","category-teatro-san-jose","category-ultimas-noticias","tag-estreno","tag-teatro","post_format-post-format-image"],"_links":{"self":[{"href":"https:\/\/cultura.sma.gob.ar\/index.php?rest_route=\/wp\/v2\/posts\/2112","targetHints":{"allow":["GET"]}}],"collection":[{"href":"https:\/\/cultura.sma.gob.ar\/index.php?rest_route=\/wp\/v2\/posts"}],"about":[{"href":"https:\/\/cultura.sma.gob.ar\/index.php?rest_route=\/wp\/v2\/types\/post"}],"author":[{"embeddable":true,"href":"https:\/\/cultura.sma.gob.ar\/index.php?rest_route=\/wp\/v2\/users\/1"}],"replies":[{"embeddable":true,"href":"https:\/\/cultura.sma.gob.ar\/index.php?rest_route=%2Fwp%2Fv2%2Fcomments&post=2112"}],"version-history":[{"count":2,"href":"https:\/\/cultura.sma.gob.ar\/index.php?rest_route=\/wp\/v2\/posts\/2112\/revisions"}],"predecessor-version":[{"id":2123,"href":"https:\/\/cultura.sma.gob.ar\/index.php?rest_route=\/wp\/v2\/posts\/2112\/revisions\/2123"}],"wp:featuredmedia":[{"embeddable":true,"href":"https:\/\/cultura.sma.gob.ar\/index.php?rest_route=\/wp\/v2\/media\/2114"}],"wp:attachment":[{"href":"https:\/\/cultura.sma.gob.ar\/index.php?rest_route=%2Fwp%2Fv2%2Fmedia&parent=2112"}],"wp:term":[{"taxonomy":"category","embeddable":true,"href":"https:\/\/cultura.sma.gob.ar\/index.php?rest_route=%2Fwp%2Fv2%2Fcategories&post=2112"},{"taxonomy":"post_tag","embeddable":true,"href":"https:\/\/cultura.sma.gob.ar\/index.php?rest_route=%2Fwp%2Fv2%2Ftags&post=2112"}],"curies":[{"name":"wp","href":"https:\/\/api.w.org\/{rel}","templated":true}]}}