{"id":2110,"date":"2021-09-02T08:35:14","date_gmt":"2021-09-02T11:35:14","guid":{"rendered":"http:\/\/cultura.sma.gob.ar\/?p=2110"},"modified":"2021-09-02T11:18:33","modified_gmt":"2021-09-02T14:18:33","slug":"15-feria-regional-del-libro-convocatoria-para-la-administracion-del-bufet-bar","status":"publish","type":"post","link":"https:\/\/cultura.sma.gob.ar\/?p=2110","title":{"rendered":"15\u00b0  FERIA REGIONAL DEL LIBRO: CONVOCATORIA PARA LA ADMINISTRACI\u00d3N DEL BUFET\/BAR"},"content":{"rendered":"\n<p>La comisi\u00f3n organizadora de la Feria del Libro abre la recepci\u00f3n de propuestas para la administraci\u00f3n del bufet\/bar de la 15\u00b0 Feria Regional del Libro de San Mart\u00edn de los Andes.&nbsp;<\/p>\n\n\n\n<p>La convocatoria estar\u00e1 disponible del <strong>2 al 11 de septiembre<\/strong> y est\u00e1 destinada a organizaciones sociales civiles (OSC), que preferentemente tengan experiencia en actividades afines.\u00a0<\/p>\n\n\n\n<p>Para inscribirse, quienes est\u00e9n interesados deber\u00e1n leer las condiciones, completar el <a href=\"https:\/\/docs.google.com\/document\/d\/12CGRZl1IUBfOo0fOr1KPuD_WdZa4XlVO\/edit?usp=drivesdk&amp;ouid=110331621111848916883&amp;rtpof=true&amp;sd=true\">formulario<\/a> y enviarlo por mail a <a href=\"mailto:feriadellibro@smandes.gov.ar\">feriadellibro@smandes.gov.ar<\/a>&nbsp;<\/p>\n","protected":false},"excerpt":{"rendered":"<p>Del 2 al 11 de septiembre se reciben formularios de postulaci\u00f3n.  <a href=\"https:\/\/cultura.sma.gob.ar\/?p=2110\" class=\"more-link\">Continue reading <span class=\"screen-reader-text\">15\u00b0  FERIA REGIONAL DEL LIBRO: CONVOCATORIA PARA LA ADMINISTRACI\u00d3N DEL BUFET\/BAR<\/span><\/a><\/p>\n","protected":false},"author":1,"featured_media":1821,"comment_status":"closed","ping_status":"","sticky":false,"template":"","format":"image","meta":{"footnotes":""},"categories":[3,9],"tags":[71,70,67],"class_list":["post-2110","post","type-post","status-publish","format-image","has-post-thumbnail","hentry","category-eventos-cultura","category-ultimas-noticias","tag-bufet","tag-convocatoria","tag-feria-del-libro","post_format-post-format-image"],"_links":{"self":[{"href":"https:\/\/cultura.sma.gob.ar\/index.php?rest_route=\/wp\/v2\/posts\/2110","targetHints":{"allow":["GET"]}}],"collection":[{"href":"https:\/\/cultura.sma.gob.ar\/index.php?rest_route=\/wp\/v2\/posts"}],"about":[{"href":"https:\/\/cultura.sma.gob.ar\/index.php?rest_route=\/wp\/v2\/types\/post"}],"author":[{"embeddable":true,"href":"https:\/\/cultura.sma.gob.ar\/index.php?rest_route=\/wp\/v2\/users\/1"}],"replies":[{"embeddable":true,"href":"https:\/\/cultura.sma.gob.ar\/index.php?rest_route=%2Fwp%2Fv2%2Fcomments&post=2110"}],"version-history":[{"count":2,"href":"https:\/\/cultura.sma.gob.ar\/index.php?rest_route=\/wp\/v2\/posts\/2110\/revisions"}],"predecessor-version":[{"id":2118,"href":"https:\/\/cultura.sma.gob.ar\/index.php?rest_route=\/wp\/v2\/posts\/2110\/revisions\/2118"}],"wp:featuredmedia":[{"embeddable":true,"href":"https:\/\/cultura.sma.gob.ar\/index.php?rest_route=\/wp\/v2\/media\/1821"}],"wp:attachment":[{"href":"https:\/\/cultura.sma.gob.ar\/index.php?rest_route=%2Fwp%2Fv2%2Fmedia&parent=2110"}],"wp:term":[{"taxonomy":"category","embeddable":true,"href":"https:\/\/cultura.sma.gob.ar\/index.php?rest_route=%2Fwp%2Fv2%2Fcategories&post=2110"},{"taxonomy":"post_tag","embeddable":true,"href":"https:\/\/cultura.sma.gob.ar\/index.php?rest_route=%2Fwp%2Fv2%2Ftags&post=2110"}],"curies":[{"name":"wp","href":"https:\/\/api.w.org\/{rel}","templated":true}]}}