{"id":2107,"date":"2021-09-02T08:32:04","date_gmt":"2021-09-02T11:32:04","guid":{"rendered":"http:\/\/cultura.sma.gob.ar\/?p=2107"},"modified":"2021-09-02T20:40:49","modified_gmt":"2021-09-02T23:40:49","slug":"40a-edicion-del-concurso-de-hacheros","status":"publish","type":"post","link":"https:\/\/cultura.sma.gob.ar\/?p=2107","title":{"rendered":"40\u00aa edici\u00f3n del Concurso de Hacheros"},"content":{"rendered":"\n<p>La Secretar\u00eda de Cultura invita a la comunidad a seguir en vivo la 40\u00ba edici\u00f3n del Concurso de Hacheros, el <strong>domingo 5 de setiembre a partir de las 13 hs a trav\u00e9s del canal de YouTube Cultura SMAndes.<\/strong><\/p>\n\n\n\n<p>En esta edici\u00f3n del concurso se dar\u00e1 inicio a la competencia por la<strong> copa &#8220;Madereros del lago L\u00e1car<\/strong>&#8220;. El nombre es un homenaje a los trabajadores forestales de la cuenca del lago L\u00e1car, que hasta mediados del siglo XX utilizaban hachas como principal herramienta de trabajo. Esta copa reemplaza a la anterior, denominada &#8220;Dami\u00e1n Curruhuinca&#8221;, entregada en forma definitiva a Osvaldo Sandoval, en 2018, tras ganar el concurso en cinco ocasiones.<\/p>\n\n\n\n<p>La nueva copa se pone en juego repitiendo el formato de la competencia anterior: cada a\u00f1o se le a\u00f1adir\u00e1 una placa con el nombre del hachero que gane la edici\u00f3n. Luego, quien gane el concurso tres veces seguidas o cinco alternadas, se quedar\u00e1 con el trofeo en forma definitiva.<\/p>\n\n\n\n<figure class=\"wp-block-image size-large\"><img loading=\"lazy\" decoding=\"async\" width=\"1024\" height=\"1024\" src=\"http:\/\/cultura.sma.gob.ar\/wp-content\/uploads\/2021\/09\/1630625866642_montan\u0303es-03-1024x1024.jpg\" alt=\"\" class=\"wp-image-2119\" srcset=\"https:\/\/cultura.sma.gob.ar\/wp-content\/uploads\/2021\/09\/1630625866642_montan\u0303es-03-1024x1024.jpg 1024w, https:\/\/cultura.sma.gob.ar\/wp-content\/uploads\/2021\/09\/1630625866642_montan\u0303es-03-300x300.jpg 300w, https:\/\/cultura.sma.gob.ar\/wp-content\/uploads\/2021\/09\/1630625866642_montan\u0303es-03-150x150.jpg 150w, https:\/\/cultura.sma.gob.ar\/wp-content\/uploads\/2021\/09\/1630625866642_montan\u0303es-03-768x768.jpg 768w, https:\/\/cultura.sma.gob.ar\/wp-content\/uploads\/2021\/09\/1630625866642_montan\u0303es-03-90x90.jpg 90w, https:\/\/cultura.sma.gob.ar\/wp-content\/uploads\/2021\/09\/1630625866642_montan\u0303es-03.jpg 1250w\" sizes=\"auto, (max-width: 1024px) 100vw, 1024px\" \/><\/figure>\n\n\n\n<p>Para respetar los protocolos sanitarios vigentes esta edici\u00f3n del concurso se realizar\u00e1 en un predio cerrado e incluir\u00e1 las categor\u00edas hacheros, hacheras y hacheritos. Ser\u00e1 una forma de retomar la presencialidad, con la ilusi\u00f3n de recuperar el formato tradicional el a\u00f1o que viene. Otra buena noticia es que el concurso fue declarado &#8220;<strong>evento oficial de San Mart\u00edn de los Andes&#8221; por Ordenanza 13290\/21.<\/strong><\/p>\n\n\n\n<p>El evento se llevar\u00e1 a cabo el domingo <strong>5 de septiembre, de 14 a 19<\/strong> hs. La comunidad podr\u00e1 disfrutar de esta ic\u00f3nica fiesta a trav\u00e9s de una <strong>transmisi\u00f3n en vivo por el canal de YouTube Cultura SMAndes, que comenzar\u00e1 a las 13hs,<\/strong> anticipando el minuto a minuto de lo que vaya ocurriendo en el predio. El concurso empezar\u00e1 a las 14 hs y la entrega de premios se realizar\u00e1 aproximadamente a las 18 hs El acceso directo a la transmisi\u00f3n estar\u00e1 disponible en las redes de la Secretar\u00eda de Cultura.<\/p>\n","protected":false},"excerpt":{"rendered":"<p>Domingo 5 de septiembre, en vivo por YouTube. <a href=\"https:\/\/cultura.sma.gob.ar\/?p=2107\" class=\"more-link\">Continue reading <span class=\"screen-reader-text\">40\u00aa edici\u00f3n del Concurso de Hacheros<\/span><\/a><\/p>\n","protected":false},"author":1,"featured_media":0,"comment_status":"closed","ping_status":"","sticky":false,"template":"","format":"image","meta":{"footnotes":""},"categories":[3,9],"tags":[16],"class_list":["post-2107","post","type-post","status-publish","format-image","hentry","category-eventos-cultura","category-ultimas-noticias","tag-concurso-de-hacheros","post_format-post-format-image"],"_links":{"self":[{"href":"https:\/\/cultura.sma.gob.ar\/index.php?rest_route=\/wp\/v2\/posts\/2107","targetHints":{"allow":["GET"]}}],"collection":[{"href":"https:\/\/cultura.sma.gob.ar\/index.php?rest_route=\/wp\/v2\/posts"}],"about":[{"href":"https:\/\/cultura.sma.gob.ar\/index.php?rest_route=\/wp\/v2\/types\/post"}],"author":[{"embeddable":true,"href":"https:\/\/cultura.sma.gob.ar\/index.php?rest_route=\/wp\/v2\/users\/1"}],"replies":[{"embeddable":true,"href":"https:\/\/cultura.sma.gob.ar\/index.php?rest_route=%2Fwp%2Fv2%2Fcomments&post=2107"}],"version-history":[{"count":2,"href":"https:\/\/cultura.sma.gob.ar\/index.php?rest_route=\/wp\/v2\/posts\/2107\/revisions"}],"predecessor-version":[{"id":2120,"href":"https:\/\/cultura.sma.gob.ar\/index.php?rest_route=\/wp\/v2\/posts\/2107\/revisions\/2120"}],"wp:attachment":[{"href":"https:\/\/cultura.sma.gob.ar\/index.php?rest_route=%2Fwp%2Fv2%2Fmedia&parent=2107"}],"wp:term":[{"taxonomy":"category","embeddable":true,"href":"https:\/\/cultura.sma.gob.ar\/index.php?rest_route=%2Fwp%2Fv2%2Fcategories&post=2107"},{"taxonomy":"post_tag","embeddable":true,"href":"https:\/\/cultura.sma.gob.ar\/index.php?rest_route=%2Fwp%2Fv2%2Ftags&post=2107"}],"curies":[{"name":"wp","href":"https:\/\/api.w.org\/{rel}","templated":true}]}}