{"id":2103,"date":"2021-08-31T08:40:05","date_gmt":"2021-08-31T11:40:05","guid":{"rendered":"http:\/\/cultura.sma.gob.ar\/?p=2103"},"modified":"2021-08-31T08:47:53","modified_gmt":"2021-08-31T11:47:53","slug":"campana-municipal-de-educacion-sobre-patrimonio-arqueologico","status":"publish","type":"post","link":"https:\/\/cultura.sma.gob.ar\/?p=2103","title":{"rendered":"Campa\u00f1a municipal de educaci\u00f3n sobre Patrimonio Arqueol\u00f3gico"},"content":{"rendered":"\n<p>El equipo de Patrimonio Hist\u00f3rico municipal, junto con la Secretar\u00eda de Cultura, acercan a la comunidad informaci\u00f3n \u00fatil y necesaria sobre la legislaci\u00f3n vigente en materia de Patrimonio Arqueol\u00f3gico.&nbsp;<\/p>\n\n\n\n<p>\u00bfC\u00f3mo proceder ante el hallazgo de un objeto arqueol\u00f3gico? \u00bfCon qui\u00e9n comunicarse? \u00bfCu\u00e1l es su importancia? \u00bfQu\u00e9 leyes amparan estos hallazgos que son de toda la comunidad? Las respuestas a todos estos interrogantes se encuentran en un <a href=\"https:\/\/youtu.be\/sIphGXppk1M\">did\u00e1ctico video<\/a> producido por el \u00e1rea de Patrimonio y compartido en las redes sociales de la Secretar\u00eda, para que todos los vecinos y vecinas puedan acceder y comprender la informaci\u00f3n necesaria.<\/p>\n\n\n\n<figure class=\"wp-block-image size-large\"><img loading=\"lazy\" decoding=\"async\" width=\"1024\" height=\"1024\" src=\"http:\/\/cultura.sma.gob.ar\/wp-content\/uploads\/2021\/08\/ley-patrimonio-01-1024x1024.jpg\" alt=\"\" class=\"wp-image-2104\" srcset=\"https:\/\/cultura.sma.gob.ar\/wp-content\/uploads\/2021\/08\/ley-patrimonio-01-1024x1024.jpg 1024w, https:\/\/cultura.sma.gob.ar\/wp-content\/uploads\/2021\/08\/ley-patrimonio-01-300x300.jpg 300w, https:\/\/cultura.sma.gob.ar\/wp-content\/uploads\/2021\/08\/ley-patrimonio-01-150x150.jpg 150w, https:\/\/cultura.sma.gob.ar\/wp-content\/uploads\/2021\/08\/ley-patrimonio-01-768x768.jpg 768w, https:\/\/cultura.sma.gob.ar\/wp-content\/uploads\/2021\/08\/ley-patrimonio-01-1536x1536.jpg 1536w, https:\/\/cultura.sma.gob.ar\/wp-content\/uploads\/2021\/08\/ley-patrimonio-01-90x90.jpg 90w, https:\/\/cultura.sma.gob.ar\/wp-content\/uploads\/2021\/08\/ley-patrimonio-01.jpg 1875w\" sizes=\"auto, (max-width: 1024px) 100vw, 1024px\" \/><\/figure>\n\n\n\n<p>Para avisar o pedir informaci\u00f3n, se puede contactar al Museo Primeros Pobladores, al 412306, al \u00e1rea de Patrimonio v\u00eda mail a <a href=\"mailto:patrimonio.cultura@smandes.gov.ar\">patrimonio.cultura@smandes.gov.ar<\/a>, o al Ministerio de las Culturas del Neuqu\u00e9n v\u00eda mail a <a href=\"mailto:patrimonioculturalprovincial@gmail.com\">patrimonioculturalprovincial@gmail.com<\/a>&nbsp;<\/p>\n\n\n\n<p>Los objetos arqueol\u00f3gicos son de toda la comunidad, por eso hay leyes que los protegen: Ley Nacional 25.743 y Ley Provincial: 2.184.<\/p>\n","protected":false},"excerpt":{"rendered":"<p>El equipo de Patrimonio Hist\u00f3rico municipal, junto con la Secretar\u00eda de Cultura, acercan a la comunidad informaci\u00f3n \u00fatil y necesaria sobre la legislaci\u00f3n vigente en materia de Patrimonio Arqueol\u00f3gico.  <a href=\"https:\/\/cultura.sma.gob.ar\/?p=2103\" class=\"more-link\">Continue reading <span class=\"screen-reader-text\">Campa\u00f1a municipal de educaci\u00f3n sobre Patrimonio Arqueol\u00f3gico<\/span><\/a><\/p>\n","protected":false},"author":1,"featured_media":2104,"comment_status":"closed","ping_status":"","sticky":false,"template":"","format":"image","meta":{"footnotes":""},"categories":[5,9],"tags":[69,68,41],"class_list":["post-2103","post","type-post","status-publish","format-image","has-post-thumbnail","hentry","category-patrimonio-cultural","category-ultimas-noticias","tag-arqueologia","tag-educacion","tag-patrimonio","post_format-post-format-image"],"_links":{"self":[{"href":"https:\/\/cultura.sma.gob.ar\/index.php?rest_route=\/wp\/v2\/posts\/2103","targetHints":{"allow":["GET"]}}],"collection":[{"href":"https:\/\/cultura.sma.gob.ar\/index.php?rest_route=\/wp\/v2\/posts"}],"about":[{"href":"https:\/\/cultura.sma.gob.ar\/index.php?rest_route=\/wp\/v2\/types\/post"}],"author":[{"embeddable":true,"href":"https:\/\/cultura.sma.gob.ar\/index.php?rest_route=\/wp\/v2\/users\/1"}],"replies":[{"embeddable":true,"href":"https:\/\/cultura.sma.gob.ar\/index.php?rest_route=%2Fwp%2Fv2%2Fcomments&post=2103"}],"version-history":[{"count":2,"href":"https:\/\/cultura.sma.gob.ar\/index.php?rest_route=\/wp\/v2\/posts\/2103\/revisions"}],"predecessor-version":[{"id":2106,"href":"https:\/\/cultura.sma.gob.ar\/index.php?rest_route=\/wp\/v2\/posts\/2103\/revisions\/2106"}],"wp:featuredmedia":[{"embeddable":true,"href":"https:\/\/cultura.sma.gob.ar\/index.php?rest_route=\/wp\/v2\/media\/2104"}],"wp:attachment":[{"href":"https:\/\/cultura.sma.gob.ar\/index.php?rest_route=%2Fwp%2Fv2%2Fmedia&parent=2103"}],"wp:term":[{"taxonomy":"category","embeddable":true,"href":"https:\/\/cultura.sma.gob.ar\/index.php?rest_route=%2Fwp%2Fv2%2Fcategories&post=2103"},{"taxonomy":"post_tag","embeddable":true,"href":"https:\/\/cultura.sma.gob.ar\/index.php?rest_route=%2Fwp%2Fv2%2Ftags&post=2103"}],"curies":[{"name":"wp","href":"https:\/\/api.w.org\/{rel}","templated":true}]}}