{"id":2093,"date":"2021-08-27T08:24:43","date_gmt":"2021-08-27T11:24:43","guid":{"rendered":"http:\/\/cultura.sma.gob.ar\/?p=2093"},"modified":"2021-08-27T08:24:43","modified_gmt":"2021-08-27T11:24:43","slug":"convocatoria-para-integrar-el-banco-de-musica-de-san-martin-de-los-andes","status":"publish","type":"post","link":"https:\/\/cultura.sma.gob.ar\/?p=2093","title":{"rendered":"Convocatoria para integrar el Banco de M\u00fasica de San Mart\u00edn de los Andes"},"content":{"rendered":"\n<p>La Secretar\u00eda de Cultura abre la convocatoria para recibir material musical de artistas locales, solistas y bandas, que deseen formar parte del Banco de M\u00fasica de San Mart\u00edn de los Andes.<\/p>\n\n\n\n<p>Las canciones pasar\u00e1n a conformar una playlist que estar\u00e1disponible en el Canal de YouTube de la Secretar\u00eda (Cultura SMAndes), quedando a disposici\u00f3n de los medios de comunicaci\u00f3n u otras organizaciones que requieran el material para difusi\u00f3n, en cumplimiento de la Ordenanza Municipal 13239\/21, que establece la obligatoridad de incluir m\u00fasica local en radios y otros medios de la ciudad.<\/p>\n\n\n\n<figure class=\"wp-block-image size-large\"><img loading=\"lazy\" decoding=\"async\" width=\"851\" height=\"851\" src=\"http:\/\/cultura.sma.gob.ar\/wp-content\/uploads\/2021\/08\/artistas-independientes-05.jpg\" alt=\"\" class=\"wp-image-2094\" srcset=\"https:\/\/cultura.sma.gob.ar\/wp-content\/uploads\/2021\/08\/artistas-independientes-05.jpg 851w, https:\/\/cultura.sma.gob.ar\/wp-content\/uploads\/2021\/08\/artistas-independientes-05-300x300.jpg 300w, https:\/\/cultura.sma.gob.ar\/wp-content\/uploads\/2021\/08\/artistas-independientes-05-150x150.jpg 150w, https:\/\/cultura.sma.gob.ar\/wp-content\/uploads\/2021\/08\/artistas-independientes-05-768x768.jpg 768w, https:\/\/cultura.sma.gob.ar\/wp-content\/uploads\/2021\/08\/artistas-independientes-05-90x90.jpg 90w\" sizes=\"auto, (max-width: 851px) 100vw, 851px\" \/><\/figure>\n\n\n\n<p>La participaci\u00f3n en este banco es abierta a artistas de toda la localidad. Para formar parte de \u00e9l se pueden comunicar por mail a\u00a0<a rel=\"noreferrer noopener\" href=\"mailto:cultura@smandes.gov.ar\" target=\"_blank\">cultura@smandes.gov.ar<\/a>\u00a0o por tel\u00e9fono al 424804. Personal de la Secretar\u00eda indicar\u00e1 los pasos a seguir.<br>Quienes no tengan grabaciones realizadas en alta calidad y quieran participar, pueden comunicarse con la Secretar\u00eda y solicitar asistencia t\u00e9cnica.<\/p>\n","protected":false},"excerpt":{"rendered":"<p>Las canciones pasar\u00e1n a conformar una playlist que estar\u00e1disponible en el Canal de YouTube de la Secretar\u00eda (Cultura SMAndes), quedando a disposici\u00f3n de los medios de comunicaci\u00f3n u otras organizaciones que requieran el material para difusi\u00f3n. <a href=\"https:\/\/cultura.sma.gob.ar\/?p=2093\" class=\"more-link\">Continue reading <span class=\"screen-reader-text\">Convocatoria para integrar el Banco de M\u00fasica de San Mart\u00edn de los Andes<\/span><\/a><\/p>\n","protected":false},"author":1,"featured_media":2095,"comment_status":"closed","ping_status":"","sticky":false,"template":"","format":"image","meta":{"footnotes":""},"categories":[9],"tags":[],"class_list":["post-2093","post","type-post","status-publish","format-image","has-post-thumbnail","hentry","category-ultimas-noticias","post_format-post-format-image"],"_links":{"self":[{"href":"https:\/\/cultura.sma.gob.ar\/index.php?rest_route=\/wp\/v2\/posts\/2093","targetHints":{"allow":["GET"]}}],"collection":[{"href":"https:\/\/cultura.sma.gob.ar\/index.php?rest_route=\/wp\/v2\/posts"}],"about":[{"href":"https:\/\/cultura.sma.gob.ar\/index.php?rest_route=\/wp\/v2\/types\/post"}],"author":[{"embeddable":true,"href":"https:\/\/cultura.sma.gob.ar\/index.php?rest_route=\/wp\/v2\/users\/1"}],"replies":[{"embeddable":true,"href":"https:\/\/cultura.sma.gob.ar\/index.php?rest_route=%2Fwp%2Fv2%2Fcomments&post=2093"}],"version-history":[{"count":1,"href":"https:\/\/cultura.sma.gob.ar\/index.php?rest_route=\/wp\/v2\/posts\/2093\/revisions"}],"predecessor-version":[{"id":2096,"href":"https:\/\/cultura.sma.gob.ar\/index.php?rest_route=\/wp\/v2\/posts\/2093\/revisions\/2096"}],"wp:featuredmedia":[{"embeddable":true,"href":"https:\/\/cultura.sma.gob.ar\/index.php?rest_route=\/wp\/v2\/media\/2095"}],"wp:attachment":[{"href":"https:\/\/cultura.sma.gob.ar\/index.php?rest_route=%2Fwp%2Fv2%2Fmedia&parent=2093"}],"wp:term":[{"taxonomy":"category","embeddable":true,"href":"https:\/\/cultura.sma.gob.ar\/index.php?rest_route=%2Fwp%2Fv2%2Fcategories&post=2093"},{"taxonomy":"post_tag","embeddable":true,"href":"https:\/\/cultura.sma.gob.ar\/index.php?rest_route=%2Fwp%2Fv2%2Ftags&post=2093"}],"curies":[{"name":"wp","href":"https:\/\/api.w.org\/{rel}","templated":true}]}}