{"id":209,"date":"2020-08-26T15:16:39","date_gmt":"2020-08-26T15:16:39","guid":{"rendered":"https:\/\/culturasma.wordpress.com\/?p=209"},"modified":"2020-09-24T18:58:36","modified_gmt":"2020-09-24T21:58:36","slug":"juegos-culturales-neuquinos-modalidad-virtual","status":"publish","type":"post","link":"https:\/\/cultura.sma.gob.ar\/?p=209","title":{"rendered":"Juegos Culturales Neuquinos: modalidad virtual"},"content":{"rendered":"\n<div class=\"wp-block-image is-style-default\"><figure class=\"aligncenter size-large\"><img decoding=\"async\" src=\"https:\/\/culturasma.files.wordpress.com\/2020\/08\/unnamed.jpg?w=506\" alt=\"\" class=\"wp-image-211\"\/><\/figure><\/div>\n\n\n\n<p>Los \u201cJuegos Neuquinos Culturales\u201d est\u00e1n destinados a <strong>ni\u00f1os, ni\u00f1as y j\u00f3venes entre doce (12) y dieciocho (18) a\u00f1os<\/strong>, que residan en toda la Provincia del Neuqu\u00e9n.<\/p>\n\n\n\n<p>Este a\u00f1o, la modalidad ser\u00e1 virtual, acorde a los protocolos sanitarios vigentes.<\/p>\n\n\n\n<p>Las <strong>categor\u00edas<\/strong> que participan son: Pintura; Dibujo; Fotograf\u00eda; Poes\u00eda; Cuento; Videominuto; Canto solista. Las obras deber\u00e1n partir del lema: &#8220;Abraza tu cultura&#8221;<\/p>\n\n\n\n<p>Para inscribirse, solo hay que completar esta <a href=\"https:\/\/docs.google.com\/document\/d\/1HI514cs-tPvp62iNixrYZFGExD4lrBzOeTm59TnCqZI\/edit?usp=sharing\">Ficha<\/a>, que luego se env\u00eda por mail a la Secretar\u00eda de Cultura (eventos.cultura@smandes.gov.ar), junto con la fotograf\u00eda digital del D.N.I.<\/p>\n\n\n\n<p><strong>La recepci\u00f3n de obras estar\u00e1 abierta hasta el 18 de septiembre.<\/strong><\/p>\n\n\n\n<p>Un jurado seleccionar\u00e1 a dos participantes por cada disciplina que pasar\u00e1n a la ronda provincial. S\u00f3lo se aceptar\u00e1 un participante por disciplina de cada categor\u00eda.<\/p>\n\n\n\n<p>Reglamentaci\u00f3n b\u00e1sica:<\/p>\n\n\n\n<ul class=\"wp-block-list\"><li>La disciplina en la que cada participante se inscribe, no puede constituir su oficio o actividad profesional, ni constituir una fuente regular de ingresos o sustento econ\u00f3mico. Esta aclaraci\u00f3n se formula para el caso de participantes con edad legal para trabajar, y cada organizador debe ejercer contralor arbitrando los medios que estime pertinentes.<\/li><li>No podr\u00e1n participar familiares directos de funcionarios p\u00fablicos de cualquier instancia de gobierno.<\/li><li>Cada participante deber\u00e1 inscribirse con su obra \u00fanicamente en una (1) de las disciplinas disponibles.<\/li><li>Quienes hubiesen ganado, en la instancia provincial, en una determinada disciplina en la edici\u00f3n 2019, no podr\u00e1n hacerlo en la misma durante la presente edici\u00f3n, pudiendo optar por cualquiera de las restantes.<\/li><\/ul>\n\n\n\n<p>Reglamento completo en <a href=\"https:\/\/drive.google.com\/file\/d\/1TLxF1PjhYDqHDFWFrIhj7ejsn4OTydXx\/view?usp=sharing\">este link.<\/a><strong><\/strong><\/p>\n","protected":false},"excerpt":{"rendered":"<p>Abiertas las inscripciones hasta el 20 de septiembre. <a href=\"https:\/\/cultura.sma.gob.ar\/?p=209\" class=\"more-link\">Continue reading <span class=\"screen-reader-text\">Juegos Culturales Neuquinos: modalidad virtual<\/span><\/a><\/p>\n","protected":false},"author":3,"featured_media":296,"comment_status":"closed","ping_status":"closed","sticky":false,"template":"","format":"image","meta":{"footnotes":""},"categories":[3],"tags":[22,24],"class_list":["post-209","post","type-post","status-publish","format-image","has-post-thumbnail","hentry","category-eventos-cultura","tag-eventos-online","tag-juegos-culturales-neuquinos","post_format-post-format-image"],"_links":{"self":[{"href":"https:\/\/cultura.sma.gob.ar\/index.php?rest_route=\/wp\/v2\/posts\/209","targetHints":{"allow":["GET"]}}],"collection":[{"href":"https:\/\/cultura.sma.gob.ar\/index.php?rest_route=\/wp\/v2\/posts"}],"about":[{"href":"https:\/\/cultura.sma.gob.ar\/index.php?rest_route=\/wp\/v2\/types\/post"}],"author":[{"embeddable":true,"href":"https:\/\/cultura.sma.gob.ar\/index.php?rest_route=\/wp\/v2\/users\/3"}],"replies":[{"embeddable":true,"href":"https:\/\/cultura.sma.gob.ar\/index.php?rest_route=%2Fwp%2Fv2%2Fcomments&post=209"}],"version-history":[{"count":1,"href":"https:\/\/cultura.sma.gob.ar\/index.php?rest_route=\/wp\/v2\/posts\/209\/revisions"}],"predecessor-version":[{"id":303,"href":"https:\/\/cultura.sma.gob.ar\/index.php?rest_route=\/wp\/v2\/posts\/209\/revisions\/303"}],"wp:featuredmedia":[{"embeddable":true,"href":"https:\/\/cultura.sma.gob.ar\/index.php?rest_route=\/wp\/v2\/media\/296"}],"wp:attachment":[{"href":"https:\/\/cultura.sma.gob.ar\/index.php?rest_route=%2Fwp%2Fv2%2Fmedia&parent=209"}],"wp:term":[{"taxonomy":"category","embeddable":true,"href":"https:\/\/cultura.sma.gob.ar\/index.php?rest_route=%2Fwp%2Fv2%2Fcategories&post=209"},{"taxonomy":"post_tag","embeddable":true,"href":"https:\/\/cultura.sma.gob.ar\/index.php?rest_route=%2Fwp%2Fv2%2Ftags&post=209"}],"curies":[{"name":"wp","href":"https:\/\/api.w.org\/{rel}","templated":true}]}}