{"id":2085,"date":"2021-08-26T10:09:01","date_gmt":"2021-08-26T13:09:01","guid":{"rendered":"http:\/\/cultura.sma.gob.ar\/?p=2085"},"modified":"2021-08-26T10:09:01","modified_gmt":"2021-08-26T13:09:01","slug":"quien-soy-yo-un-espectaculo-de-danza-que-vuelve-a-la-sala-amankay","status":"publish","type":"post","link":"https:\/\/cultura.sma.gob.ar\/?p=2085","title":{"rendered":"&#8220;\u00bfQui\u00e9n soy yo?&#8221;: un espect\u00e1culo de danza que vuelve a la Sala Amankay"},"content":{"rendered":"\n<figure class=\"wp-block-image size-large\"><img loading=\"lazy\" decoding=\"async\" width=\"527\" height=\"525\" src=\"http:\/\/cultura.sma.gob.ar\/wp-content\/uploads\/2021\/08\/Quien-Soy-yo-3-de-sep-Paradise-Ballet.jpg\" alt=\"\" class=\"wp-image-2086\" srcset=\"https:\/\/cultura.sma.gob.ar\/wp-content\/uploads\/2021\/08\/Quien-Soy-yo-3-de-sep-Paradise-Ballet.jpg 527w, https:\/\/cultura.sma.gob.ar\/wp-content\/uploads\/2021\/08\/Quien-Soy-yo-3-de-sep-Paradise-Ballet-300x300.jpg 300w, https:\/\/cultura.sma.gob.ar\/wp-content\/uploads\/2021\/08\/Quien-Soy-yo-3-de-sep-Paradise-Ballet-150x150.jpg 150w, https:\/\/cultura.sma.gob.ar\/wp-content\/uploads\/2021\/08\/Quien-Soy-yo-3-de-sep-Paradise-Ballet-90x90.jpg 90w\" sizes=\"auto, (max-width: 527px) 100vw, 527px\" \/><\/figure>\n\n\n\n<p>El pr\u00f3ximo viernes 03 de septiembre a las 21:30hs, en nuestra querida Sala Amankay, volvemos a tener una noche junto a lo mejor de la Danza Contempor\u00e1nea local. A pedido del p\u00fablico regresa \u201cQUI\u00c9N SOY YO?\u201d.<br>\u201cQuien soy yo?\u201d es una obra realizada por la Compa\u00f1ia Paradise Ballet (Teens) dirigida por Natalia Lamberti y Stefania Mateu en coreograf\u00eda y puesta en escena.<\/p>\n\n\n\n<p><em>&#8220;El nivel de cercan\u00eda que hoy podemos tener gracias a la tecnolog\u00eda es un instrumento inmenso, las redes sociales nos permiten tener acceso a todo, pero poco a poco ese todo queda encerrado en ese mundo cibern\u00e9tico, nos olvidamos de nuestros amigos m\u00e1s cercanos y nos preocupa m\u00e1s cuantos likes tienen nuestras publicaciones que compartir una taza de caf\u00e9 con un amigo.<br>Quienes somos es una l\u00ednea muy fina en este mundo manchado por estereotipos que circulan en las redes sociales en torno a cuerpos, objetos materiales, consumo y otros.<br>Vinimos a romper eso, vinimos a descifrar en este escenario quienes somos.<br>Y vos que vas a estar sentado en la butaca&#8230; alguna vez te preguntaste m\u00e1s all\u00e1 de tu alias en Instagram \u00bfqui\u00e9n soy yo?\u201d.<\/em>&nbsp;<\/p>\n\n\n\n<p>En escena:<br>Jazmin Su\u00e1rez<br>Belen Alcaraz<br>Manuela Rodr\u00edguez<br>Valentina Jonisz Nazario<br>Malena Calveiras<br>Simona Carluccio<br>Lucia Mariosa<br>Antonella Minnaard Vizzotto<br>Tiara Le\u00f3n<br>Camila Di Dio<br>Julieta Gonz\u00e1lez<br>Lola S\u00e1nchez<br>Naiara Ancatel<br>Sof\u00eda Rojas Gallardo&nbsp;<\/p>\n\n\n\n<p>Entradas en venta en la boleteria del Centro Cultural Cotesma.<br>Anticipadas $400.- El mismo d\u00eda $500.-<\/p>\n","protected":false},"excerpt":{"rendered":"<p>Viernes 3 de septiembre, a las 21:30hs, en el Centro Cultural Cotesma. <a href=\"https:\/\/cultura.sma.gob.ar\/?p=2085\" class=\"more-link\">Continue reading <span class=\"screen-reader-text\">&#8220;\u00bfQui\u00e9n soy yo?&#8221;: un espect\u00e1culo de danza que vuelve a la Sala Amankay<\/span><\/a><\/p>\n","protected":false},"author":1,"featured_media":297,"comment_status":"closed","ping_status":"","sticky":false,"template":"","format":"image","meta":{"footnotes":""},"categories":[2],"tags":[],"class_list":["post-2085","post","type-post","status-publish","format-image","has-post-thumbnail","hentry","category-ciudad-cultural","post_format-post-format-image"],"_links":{"self":[{"href":"https:\/\/cultura.sma.gob.ar\/index.php?rest_route=\/wp\/v2\/posts\/2085","targetHints":{"allow":["GET"]}}],"collection":[{"href":"https:\/\/cultura.sma.gob.ar\/index.php?rest_route=\/wp\/v2\/posts"}],"about":[{"href":"https:\/\/cultura.sma.gob.ar\/index.php?rest_route=\/wp\/v2\/types\/post"}],"author":[{"embeddable":true,"href":"https:\/\/cultura.sma.gob.ar\/index.php?rest_route=\/wp\/v2\/users\/1"}],"replies":[{"embeddable":true,"href":"https:\/\/cultura.sma.gob.ar\/index.php?rest_route=%2Fwp%2Fv2%2Fcomments&post=2085"}],"version-history":[{"count":1,"href":"https:\/\/cultura.sma.gob.ar\/index.php?rest_route=\/wp\/v2\/posts\/2085\/revisions"}],"predecessor-version":[{"id":2087,"href":"https:\/\/cultura.sma.gob.ar\/index.php?rest_route=\/wp\/v2\/posts\/2085\/revisions\/2087"}],"wp:featuredmedia":[{"embeddable":true,"href":"https:\/\/cultura.sma.gob.ar\/index.php?rest_route=\/wp\/v2\/media\/297"}],"wp:attachment":[{"href":"https:\/\/cultura.sma.gob.ar\/index.php?rest_route=%2Fwp%2Fv2%2Fmedia&parent=2085"}],"wp:term":[{"taxonomy":"category","embeddable":true,"href":"https:\/\/cultura.sma.gob.ar\/index.php?rest_route=%2Fwp%2Fv2%2Fcategories&post=2085"},{"taxonomy":"post_tag","embeddable":true,"href":"https:\/\/cultura.sma.gob.ar\/index.php?rest_route=%2Fwp%2Fv2%2Ftags&post=2085"}],"curies":[{"name":"wp","href":"https:\/\/api.w.org\/{rel}","templated":true}]}}