{"id":2075,"date":"2021-08-24T08:28:40","date_gmt":"2021-08-24T11:28:40","guid":{"rendered":"http:\/\/cultura.sma.gob.ar\/?p=2075"},"modified":"2021-08-24T08:28:40","modified_gmt":"2021-08-24T11:28:40","slug":"vuelve-mirar-es-hacer-la-escuela-en-la-sala","status":"publish","type":"post","link":"https:\/\/cultura.sma.gob.ar\/?p=2075","title":{"rendered":"Vuelve &#8220;Mirar es hacer: la escuela en la Sala&#8221;"},"content":{"rendered":"\n<figure class=\"wp-block-image size-large\"><img loading=\"lazy\" decoding=\"async\" width=\"724\" height=\"1024\" src=\"http:\/\/cultura.sma.gob.ar\/wp-content\/uploads\/2021\/08\/mirar-es-hacer-01-724x1024.jpg\" alt=\"\" class=\"wp-image-2076\" srcset=\"https:\/\/cultura.sma.gob.ar\/wp-content\/uploads\/2021\/08\/mirar-es-hacer-01-724x1024.jpg 724w, https:\/\/cultura.sma.gob.ar\/wp-content\/uploads\/2021\/08\/mirar-es-hacer-01-212x300.jpg 212w, https:\/\/cultura.sma.gob.ar\/wp-content\/uploads\/2021\/08\/mirar-es-hacer-01-768x1086.jpg 768w, https:\/\/cultura.sma.gob.ar\/wp-content\/uploads\/2021\/08\/mirar-es-hacer-01-1086x1536.jpg 1086w, https:\/\/cultura.sma.gob.ar\/wp-content\/uploads\/2021\/08\/mirar-es-hacer-01-1448x2048.jpg 1448w, https:\/\/cultura.sma.gob.ar\/wp-content\/uploads\/2021\/08\/mirar-es-hacer-01-64x90.jpg 64w, https:\/\/cultura.sma.gob.ar\/wp-content\/uploads\/2021\/08\/mirar-es-hacer-01.jpg 1754w\" sizes=\"auto, (max-width: 724px) 100vw, 724px\" \/><\/figure>\n\n\n\n<p>La Sala Municipal de Exposiciones Lidaura Chapitel retoma su programa cultural de actividades educativas con la vuelta de \u201cMirar es hacer: la escuela en la Sala\u201d. Destinado a burbujas escolares de nivel inicial, primer y segundo grado, el taller requiere inscripci\u00f3n previa por cupos limitados.<\/p>\n\n\n\n<p>Las <strong>fechas diponibles<\/strong> para realizar la actividad son: 31 de agosto, 7 y 14 de septiembre, en el horario de 10:30 a 11:30hs. Luego est\u00e1n disponibles el 1 y 15 de septiembre, de 16 a 17hs. Quienes deseen inscribirse con su grupo podr\u00e1n realizarlo via mail a sala.chapitel<a href=\"mailto:feriadellibro@smandes.gov.ar\">@<\/a>smandes.gov.ar&nbsp;<\/p>\n\n\n\n<p>Sobre la actividad: Se trata de una visita interpretativa que propone un recorrido por las producciones expuestas de las artistas Laura Manino con su trabajo <em>Expansiones, la naturaleza y el hombre<\/em> (t\u00e9cnicas mixtas), Laura Pires con su obra <em>Refugio<\/em> (litograf\u00edas) y Lucila Sol\u00e9 con <em>Variaciones<\/em> (audiovisual y dibujos).<\/p>\n\n\n\n<p>Se ofrecen herramientas de observaci\u00f3n y reflexi\u00f3n sobre las tem\u00e1ticas de las obras y la experimentaci\u00f3n sobre las t\u00e9cnicas de reproducci\u00f3n de im\u00e1genes a trav\u00e9s de la transferencia para dar lugar a un segundo paso de producci\u00f3n con la intervenci\u00f3n con color sobre esas estampas.<\/p>\n\n\n\n<p>La experiencia del taller se relacione puntualmente con la obra de Laura Pires que aborda el grabado bajo la t\u00e9cnica litogr\u00e1fica.<br>Para conocer m\u00e1s sobre cada una de las muestras y artistas que componen esta exposici\u00f3n, se pued ingresar a www.cultura.sma.gob.ar<\/p>\n","protected":false},"excerpt":{"rendered":"<p>Actividad para burbujas de nivel inicial, primer y segundo grado, con inscripci\u00f3n previa por cupos limitados. <a href=\"https:\/\/cultura.sma.gob.ar\/?p=2075\" class=\"more-link\">Continue reading <span class=\"screen-reader-text\">Vuelve &#8220;Mirar es hacer: la escuela en la Sala&#8221;<\/span><\/a><\/p>\n","protected":false},"author":1,"featured_media":295,"comment_status":"closed","ping_status":"","sticky":false,"template":"","format":"image","meta":{"footnotes":""},"categories":[6],"tags":[],"class_list":["post-2075","post","type-post","status-publish","format-image","has-post-thumbnail","hentry","category-sala-lidaura-chapitel","post_format-post-format-image"],"_links":{"self":[{"href":"https:\/\/cultura.sma.gob.ar\/index.php?rest_route=\/wp\/v2\/posts\/2075","targetHints":{"allow":["GET"]}}],"collection":[{"href":"https:\/\/cultura.sma.gob.ar\/index.php?rest_route=\/wp\/v2\/posts"}],"about":[{"href":"https:\/\/cultura.sma.gob.ar\/index.php?rest_route=\/wp\/v2\/types\/post"}],"author":[{"embeddable":true,"href":"https:\/\/cultura.sma.gob.ar\/index.php?rest_route=\/wp\/v2\/users\/1"}],"replies":[{"embeddable":true,"href":"https:\/\/cultura.sma.gob.ar\/index.php?rest_route=%2Fwp%2Fv2%2Fcomments&post=2075"}],"version-history":[{"count":1,"href":"https:\/\/cultura.sma.gob.ar\/index.php?rest_route=\/wp\/v2\/posts\/2075\/revisions"}],"predecessor-version":[{"id":2077,"href":"https:\/\/cultura.sma.gob.ar\/index.php?rest_route=\/wp\/v2\/posts\/2075\/revisions\/2077"}],"wp:featuredmedia":[{"embeddable":true,"href":"https:\/\/cultura.sma.gob.ar\/index.php?rest_route=\/wp\/v2\/media\/295"}],"wp:attachment":[{"href":"https:\/\/cultura.sma.gob.ar\/index.php?rest_route=%2Fwp%2Fv2%2Fmedia&parent=2075"}],"wp:term":[{"taxonomy":"category","embeddable":true,"href":"https:\/\/cultura.sma.gob.ar\/index.php?rest_route=%2Fwp%2Fv2%2Fcategories&post=2075"},{"taxonomy":"post_tag","embeddable":true,"href":"https:\/\/cultura.sma.gob.ar\/index.php?rest_route=%2Fwp%2Fv2%2Ftags&post=2075"}],"curies":[{"name":"wp","href":"https:\/\/api.w.org\/{rel}","templated":true}]}}