{"id":2072,"date":"2021-08-24T08:26:10","date_gmt":"2021-08-24T11:26:10","guid":{"rendered":"http:\/\/cultura.sma.gob.ar\/?p=2072"},"modified":"2021-08-24T08:26:10","modified_gmt":"2021-08-24T11:26:10","slug":"los-cascarudos-sin-paz-musica-en-vivo","status":"publish","type":"post","link":"https:\/\/cultura.sma.gob.ar\/?p=2072","title":{"rendered":"&#8220;Los cascarudos sin paz&#8221;: m\u00fasica en vivo"},"content":{"rendered":"\n<figure class=\"wp-block-image size-large\"><img loading=\"lazy\" decoding=\"async\" width=\"723\" height=\"1024\" src=\"http:\/\/cultura.sma.gob.ar\/wp-content\/uploads\/2021\/08\/Los-Cascarudos-Flyer-723x1024.jpg\" alt=\"\" class=\"wp-image-2073\" srcset=\"https:\/\/cultura.sma.gob.ar\/wp-content\/uploads\/2021\/08\/Los-Cascarudos-Flyer-723x1024.jpg 723w, https:\/\/cultura.sma.gob.ar\/wp-content\/uploads\/2021\/08\/Los-Cascarudos-Flyer-212x300.jpg 212w, https:\/\/cultura.sma.gob.ar\/wp-content\/uploads\/2021\/08\/Los-Cascarudos-Flyer-768x1087.jpg 768w, https:\/\/cultura.sma.gob.ar\/wp-content\/uploads\/2021\/08\/Los-Cascarudos-Flyer-64x90.jpg 64w, https:\/\/cultura.sma.gob.ar\/wp-content\/uploads\/2021\/08\/Los-Cascarudos-Flyer.jpg 904w\" sizes=\"auto, (max-width: 723px) 100vw, 723px\" \/><\/figure>\n\n\n\n<p>El pr\u00f3ximo domingo 29 de agosto a las 21hs, despedimos el octavo mes del a\u00f1o con otra imperdible propuesta musical. Llega a nuestra querida Sala Amankay el Tr\u00edo local \u201cLOS CASCARUDOS SIN PAZ\u201d.<br><em><br>\u201cLa idea de compartir canciones favoreci\u00f3 el encuentro de tres m\u00fasicos en San Mart\u00edn de los Andes.<br>Una propuesta sencilla, de formato reducido, compartiendo algunas canciones propias y otras prestadas, pero llevando cada versi\u00f3n a que se sienta como en el living de casa\u201d.&nbsp;<\/em><\/p>\n\n\n\n<p>Los cascarudos sin paz son:<br>Gustavo Alucin: en Bater\u00eda y Percusi\u00f3n.<br>Lautaro Adducci: en Guitarras.<br>Lucas Lobos: en Guitarra, Bajo y Voz.<\/p>\n\n\n\n<p>Las entradas ya est\u00e1n a la venta en la boleter\u00eda del Centro Cultural Cotesma.<br>Entrada Anticipada: $200.- El mismo d\u00eda: $300.-<\/p>\n","protected":false},"excerpt":{"rendered":"<p>Domngo 29 de agosto a las 21hs en la Sala Amankay <a href=\"https:\/\/cultura.sma.gob.ar\/?p=2072\" class=\"more-link\">Continue reading <span class=\"screen-reader-text\">&#8220;Los cascarudos sin paz&#8221;: m\u00fasica en vivo<\/span><\/a><\/p>\n","protected":false},"author":1,"featured_media":297,"comment_status":"closed","ping_status":"","sticky":false,"template":"","format":"image","meta":{"footnotes":""},"categories":[2],"tags":[],"class_list":["post-2072","post","type-post","status-publish","format-image","has-post-thumbnail","hentry","category-ciudad-cultural","post_format-post-format-image"],"_links":{"self":[{"href":"https:\/\/cultura.sma.gob.ar\/index.php?rest_route=\/wp\/v2\/posts\/2072","targetHints":{"allow":["GET"]}}],"collection":[{"href":"https:\/\/cultura.sma.gob.ar\/index.php?rest_route=\/wp\/v2\/posts"}],"about":[{"href":"https:\/\/cultura.sma.gob.ar\/index.php?rest_route=\/wp\/v2\/types\/post"}],"author":[{"embeddable":true,"href":"https:\/\/cultura.sma.gob.ar\/index.php?rest_route=\/wp\/v2\/users\/1"}],"replies":[{"embeddable":true,"href":"https:\/\/cultura.sma.gob.ar\/index.php?rest_route=%2Fwp%2Fv2%2Fcomments&post=2072"}],"version-history":[{"count":1,"href":"https:\/\/cultura.sma.gob.ar\/index.php?rest_route=\/wp\/v2\/posts\/2072\/revisions"}],"predecessor-version":[{"id":2074,"href":"https:\/\/cultura.sma.gob.ar\/index.php?rest_route=\/wp\/v2\/posts\/2072\/revisions\/2074"}],"wp:featuredmedia":[{"embeddable":true,"href":"https:\/\/cultura.sma.gob.ar\/index.php?rest_route=\/wp\/v2\/media\/297"}],"wp:attachment":[{"href":"https:\/\/cultura.sma.gob.ar\/index.php?rest_route=%2Fwp%2Fv2%2Fmedia&parent=2072"}],"wp:term":[{"taxonomy":"category","embeddable":true,"href":"https:\/\/cultura.sma.gob.ar\/index.php?rest_route=%2Fwp%2Fv2%2Fcategories&post=2072"},{"taxonomy":"post_tag","embeddable":true,"href":"https:\/\/cultura.sma.gob.ar\/index.php?rest_route=%2Fwp%2Fv2%2Ftags&post=2072"}],"curies":[{"name":"wp","href":"https:\/\/api.w.org\/{rel}","templated":true}]}}