{"id":2063,"date":"2021-08-20T08:33:10","date_gmt":"2021-08-20T11:33:10","guid":{"rendered":"http:\/\/cultura.sma.gob.ar\/?p=2063"},"modified":"2021-08-30T09:06:20","modified_gmt":"2021-08-30T12:06:20","slug":"taller-laboratorio-de-guitarras","status":"publish","type":"post","link":"https:\/\/cultura.sma.gob.ar\/?p=2063","title":{"rendered":"Taller: Laboratorio de guitarras"},"content":{"rendered":"\n<figure class=\"wp-block-image size-large\"><img loading=\"lazy\" decoding=\"async\" width=\"1024\" height=\"1024\" src=\"http:\/\/cultura.sma.gob.ar\/wp-content\/uploads\/2021\/08\/Lab-1-1024x1024.jpg\" alt=\"\" class=\"wp-image-2098\" srcset=\"https:\/\/cultura.sma.gob.ar\/wp-content\/uploads\/2021\/08\/Lab-1-1024x1024.jpg 1024w, https:\/\/cultura.sma.gob.ar\/wp-content\/uploads\/2021\/08\/Lab-1-300x300.jpg 300w, https:\/\/cultura.sma.gob.ar\/wp-content\/uploads\/2021\/08\/Lab-1-150x150.jpg 150w, https:\/\/cultura.sma.gob.ar\/wp-content\/uploads\/2021\/08\/Lab-1-768x768.jpg 768w, https:\/\/cultura.sma.gob.ar\/wp-content\/uploads\/2021\/08\/Lab-1-90x90.jpg 90w, https:\/\/cultura.sma.gob.ar\/wp-content\/uploads\/2021\/08\/Lab-1.jpg 1080w\" sizes=\"auto, (max-width: 1024px) 100vw, 1024px\" \/><\/figure>\n\n\n\n<p>El m\u00fasico Matias Gabarrot presenta \u201cLABORATORIO DE GUITARRAS\u201d, un proyecto que funciona como grupo de estudio, espacio de experimentaci\u00f3n y taller de composici\u00f3n al mismo tiempo. Bajo una direcci\u00f3n que m\u00e1s tiene que ver con proponer consignas de juego que dar indicaciones, se recrean din\u00e1micas grupales y se brinda material espec\u00edfico para cada grupo, que, dependiendo su confecci\u00f3n y avance, tambi\u00e9n, se realizan convocatorias a otros instrumentos de cuerda como bajo, cello, cuatro, viol\u00edn, etc.<\/p>\n\n\n\n<p><strong><u>Filosof\u00eda<br><\/u><\/strong>La filosof\u00eda del Laboratorio es que convivan las diversidades de les participantes. Tanto en sus edades, preferencias culturales o experiencia en el instrumento. Cuando hay diversos \u201cniveles\u201d de instrumentistas, preparando el contenido musical de tal forma que la\/el participante m\u00e1s veterano en el instrumento pueda interpretar una parte de \u00e9ste y que la\/el m\u00e1s novato pueda, con la misma necesidad musical, interpretar otra. Esto es configurable desde las consignas pedag\u00f3gicas y los arreglos de las m\u00fasicas en base a cada grupo y sus necesidades.<\/p>\n\n\n\n<p><strong><u>Contenido<br><\/u><\/strong>El contenido del Laboratorio cuenta con ejercicios de composici\u00f3n grupal, exploraci\u00f3n sobre las t\u00e9cnicas extendidas del instrumento, la percusi\u00f3n, la polirritmia, la polifon\u00eda textural, los juegos musicales y la adaptaci\u00f3n grupal de las diversidades individuales<\/p>\n\n\n\n<p><strong><u>Propuesta de Taller<br><\/u><\/strong>En esta ocasi\u00f3n, la propuesta est\u00e1 organizada en 3 m\u00f3dulos mensuales que se pueden tomar tanto consecutivamente como por separados.<br>Estos son:<br><strong><em><u>&#8211; \u201dRetomar la Sorpresa\u201d (Septiembre)<\/u><\/em><\/strong><br>Para volver a tocar esa fuerza que tiene el descubrimiento del instrumento, la din\u00e1mica circular del Laboratorio permite usar la guitarra de maneras extraordinarias y poder jugar a re-encontrarse con la sorpresa de otros usos de esta herramienta musical.<br><strong><em><u>&#8211; \u201cPr\u00e1ctica de Ensamble\u201d (Octubre)<\/u><\/em><\/strong>La gentileza de ser un ensamble permite hacer de los m\u00faltiples encajes y sumatorias de instrumentistas un sin fin de experimentos. Pensado para poder extraer estos recursos a cualquier din\u00e1mica de banda, grupo musical.<br><strong><em><u>&#8211; \u201cComposici\u00f3n Grupal\u201d (Noviembre)<\/u><\/em><\/strong>Poniendo en pr\u00e1ctica la s\u00edntesis de lo ejercitado, se exponen recursos compositivos como puntos de partida para componer un repertorio original y \u00fanico de cada ensamble.<br><br><strong><u>Din\u00e1mica<\/u><\/strong><br>La din\u00e1mica de trabajo es grupal, por lo cual a mayor cantidad de personas m\u00e1s riquezas pueden surgir. De todas formas, el l\u00edmite de personas por grupo ser\u00e1 definido por el protocolo sanitario vigente y\/o del mismo grupo humano.<br>La duraci\u00f3n del encuentro es de 90 minutos respetando los protocolos sanitarios pertinentes para cuidar la integridad de todos y todas. El Laboratorio tambi\u00e9n abre su propuesta grupal a otros instrumentistas que se sientan interesados en participar.<br>En \u00faltima instancia, el Laboratorio tambi\u00e9n se proyecta como un grupo musical estable que brinde conciertos con p\u00fablico, intervenciones en espacios, colaboraciones con colectivos art\u00edsticos etc.<br>Esto ser\u00e1 posible seg\u00fan la calidad de cada grupo y el inter\u00e9s humano de participar en potenciales eventos.<\/p>\n\n\n\n<p>Los encuentros se llevar\u00e1n a cabo los d\u00edas s\u00e1bados (Comenzando el 11\/09) de 16:00hs a 17:30hs en el Sal\u00f3n de Usos M\u00faltiples del Centro Cultural Cotesma.<br><br>Informes e Inscripci\u00f3n: +54 9 11 6622-5730.-<br>@laboratorio.de.guitarras<br>@matias.gabarrot<\/p>\n\n\n\n<p><strong><u>Biograf\u00eda<br><\/u><\/strong><em>\u201cYo soy Matias Gabarrot. Toco la guitarra desde los 11 a\u00f1os y estudio formalmente el instrumento desde los 19; de la mano de m\u00fasicos como Lucio Balduini, Juan Pablo Arredondo, Fernando Kabusaki, Javier Cohen, Martin Porto, Guillermo Marigliano, entre otros. En 2014 me recib\u00ed como \u201cM\u00fasico Profesional\u201d en la EMC -Escuela de M\u00fasica Contempor\u00e1nea- y desde entonces participo y colaboro en la escena cultural argentina, tanto para los espacios de conciertos como los del teatro y la danza. Me percibo como facilitador de contenidos musicales y genero este intercambio hace m\u00e1s de 10 a\u00f1os. Desde el 2017 llevo formalmente el Laboratorio de Guitarras adelante, tratando de tener sedes en m\u00e1s lugares y poder desarrollar esta din\u00e1mica grupal m\u00e1s y m\u00e1s a fondo.\u201d<\/em><\/p>\n\n\n\n<p><strong><u>Links<br><\/u><\/strong>Dejo algunos links relevantes: &#8211; Reel introductorio&nbsp;<a href=\"https:\/\/correo.smandes.gov.ar\/owa\/redir.aspx?C=d89a1c361dfa41ee88d63798d7731f5a&amp;URL=https%3a%2f%2fwww.youtube.com%2fwatch%3fv%3d8_MhTjp4fag\" target=\"_blank\" rel=\"noreferrer noopener\">https:\/\/www.youtube.com\/watch?v=8_MhTjp4fag<\/a><\/p>\n\n\n\n<p>\u201cPreludio N\u00ba1 en C mayor &#8211; J. S. Bach\u201d&nbsp;<a href=\"https:\/\/correo.smandes.gov.ar\/owa\/redir.aspx?C=d89a1c361dfa41ee88d63798d7731f5a&amp;URL=https%3a%2f%2fwww.youtube.com%2fwatch%3fv%3dszDMSceXTZs\" target=\"_blank\" rel=\"noreferrer noopener\">https:\/\/www.youtube.com\/watch?v=szDMSceXTZs<\/a><\/p>\n\n\n\n<p>\u201cPuente\u201d &#8211; G. Cerati&nbsp;<a href=\"https:\/\/correo.smandes.gov.ar\/owa\/redir.aspx?C=d89a1c361dfa41ee88d63798d7731f5a&amp;URL=https%3a%2f%2fwww.youtube.com%2fwatch%3fv%3dUtSZ2ZB-j_c\" target=\"_blank\" rel=\"noreferrer noopener\">https:\/\/www.youtube.com\/watch?v=UtSZ2ZB-j_c<\/a><\/p>\n","protected":false},"excerpt":{"rendered":"<p>S\u00e1bados de septiembre, a las 19:30hs, en el Centro Cultural Cotesma <a href=\"https:\/\/cultura.sma.gob.ar\/?p=2063\" class=\"more-link\">Continue reading <span class=\"screen-reader-text\">Taller: Laboratorio de guitarras<\/span><\/a><\/p>\n","protected":false},"author":1,"featured_media":297,"comment_status":"closed","ping_status":"","sticky":false,"template":"","format":"image","meta":{"footnotes":""},"categories":[2],"tags":[],"class_list":["post-2063","post","type-post","status-publish","format-image","has-post-thumbnail","hentry","category-ciudad-cultural","post_format-post-format-image"],"_links":{"self":[{"href":"https:\/\/cultura.sma.gob.ar\/index.php?rest_route=\/wp\/v2\/posts\/2063","targetHints":{"allow":["GET"]}}],"collection":[{"href":"https:\/\/cultura.sma.gob.ar\/index.php?rest_route=\/wp\/v2\/posts"}],"about":[{"href":"https:\/\/cultura.sma.gob.ar\/index.php?rest_route=\/wp\/v2\/types\/post"}],"author":[{"embeddable":true,"href":"https:\/\/cultura.sma.gob.ar\/index.php?rest_route=\/wp\/v2\/users\/1"}],"replies":[{"embeddable":true,"href":"https:\/\/cultura.sma.gob.ar\/index.php?rest_route=%2Fwp%2Fv2%2Fcomments&post=2063"}],"version-history":[{"count":3,"href":"https:\/\/cultura.sma.gob.ar\/index.php?rest_route=\/wp\/v2\/posts\/2063\/revisions"}],"predecessor-version":[{"id":2100,"href":"https:\/\/cultura.sma.gob.ar\/index.php?rest_route=\/wp\/v2\/posts\/2063\/revisions\/2100"}],"wp:featuredmedia":[{"embeddable":true,"href":"https:\/\/cultura.sma.gob.ar\/index.php?rest_route=\/wp\/v2\/media\/297"}],"wp:attachment":[{"href":"https:\/\/cultura.sma.gob.ar\/index.php?rest_route=%2Fwp%2Fv2%2Fmedia&parent=2063"}],"wp:term":[{"taxonomy":"category","embeddable":true,"href":"https:\/\/cultura.sma.gob.ar\/index.php?rest_route=%2Fwp%2Fv2%2Fcategories&post=2063"},{"taxonomy":"post_tag","embeddable":true,"href":"https:\/\/cultura.sma.gob.ar\/index.php?rest_route=%2Fwp%2Fv2%2Ftags&post=2063"}],"curies":[{"name":"wp","href":"https:\/\/api.w.org\/{rel}","templated":true}]}}