{"id":2059,"date":"2021-08-19T09:43:57","date_gmt":"2021-08-19T12:43:57","guid":{"rendered":"http:\/\/cultura.sma.gob.ar\/?p=2059"},"modified":"2021-08-19T09:43:57","modified_gmt":"2021-08-19T12:43:57","slug":"taller-el-poder-del-mindfulness","status":"publish","type":"post","link":"https:\/\/cultura.sma.gob.ar\/?p=2059","title":{"rendered":"Taller &#8220;El poder del mindfulness&#8221;"},"content":{"rendered":"\n<figure class=\"wp-block-image size-large\"><img loading=\"lazy\" decoding=\"async\" width=\"1024\" height=\"1024\" src=\"http:\/\/cultura.sma.gob.ar\/wp-content\/uploads\/2021\/08\/Flyer-El-Poder-de-Mindfulness-1024x1024.jpg\" alt=\"\" class=\"wp-image-2060\" srcset=\"https:\/\/cultura.sma.gob.ar\/wp-content\/uploads\/2021\/08\/Flyer-El-Poder-de-Mindfulness-1024x1024.jpg 1024w, https:\/\/cultura.sma.gob.ar\/wp-content\/uploads\/2021\/08\/Flyer-El-Poder-de-Mindfulness-300x300.jpg 300w, https:\/\/cultura.sma.gob.ar\/wp-content\/uploads\/2021\/08\/Flyer-El-Poder-de-Mindfulness-150x150.jpg 150w, https:\/\/cultura.sma.gob.ar\/wp-content\/uploads\/2021\/08\/Flyer-El-Poder-de-Mindfulness-768x768.jpg 768w, https:\/\/cultura.sma.gob.ar\/wp-content\/uploads\/2021\/08\/Flyer-El-Poder-de-Mindfulness-90x90.jpg 90w, https:\/\/cultura.sma.gob.ar\/wp-content\/uploads\/2021\/08\/Flyer-El-Poder-de-Mindfulness.jpg 1080w\" sizes=\"auto, (max-width: 1024px) 100vw, 1024px\" \/><\/figure>\n\n\n\n<p>El pr\u00f3ximo jueves, 30 de septiembre de 17hs a 21hs en el sal\u00f3n de Usos M\u00faltiples del Centro Cultural Cotesma, la Instructora Clara Badino (Directora de Visi\u00f3n Clara Mindfulness Argentina) realizar\u00e1 el Taller \u201cEL PODER DEL MINDFULNESS\u201d.<br>Un taller presencial (Con todos los protocolos sanitarios) dirigido a descubrir el poder de la pr\u00e1ctica meditativa como poderoso recurso de restauraci\u00f3n del cuerpo, conocimiento de la mente y el cultivo de una relaci\u00f3n revolucionaria con la ansiedad.<\/p>\n\n\n\n<p>Los cupos son limitados.<br>Inscripciones e informes: +54 9 11-5147-6688.-<\/p>\n\n\n\n<p>Para m\u00e1s info:<br><a href=\"https:\/\/correo.smandes.gov.ar\/owa\/redir.aspx?C=1b8ae181a0e941a293b23e152ebb3128&amp;URL=http%3a%2f%2fwww.visionclara.org\" target=\"_blank\" rel=\"noreferrer noopener\">www.visionclara.org<\/a><br>Facebook:&nbsp;<a href=\"https:\/\/correo.smandes.gov.ar\/owa\/redir.aspx?C=1b8ae181a0e941a293b23e152ebb3128&amp;URL=https%3a%2f%2fwww.facebook.com%2fMindfulnessArgentina\" target=\"_blank\" rel=\"noreferrer noopener\">Visi\u00f3n Clara Mindfulness Argentina<\/a><br>Instagram: visionclaramindfulness<\/p>\n","protected":false},"excerpt":{"rendered":"<p>Jueves 30 de septiembre, de 17 a 21hs, con cupos limitados, en el Centro Cultural Cotesma. <a href=\"https:\/\/cultura.sma.gob.ar\/?p=2059\" class=\"more-link\">Continue reading <span class=\"screen-reader-text\">Taller &#8220;El poder del mindfulness&#8221;<\/span><\/a><\/p>\n","protected":false},"author":1,"featured_media":297,"comment_status":"closed","ping_status":"","sticky":false,"template":"","format":"image","meta":{"footnotes":""},"categories":[2],"tags":[],"class_list":["post-2059","post","type-post","status-publish","format-image","has-post-thumbnail","hentry","category-ciudad-cultural","post_format-post-format-image"],"_links":{"self":[{"href":"https:\/\/cultura.sma.gob.ar\/index.php?rest_route=\/wp\/v2\/posts\/2059","targetHints":{"allow":["GET"]}}],"collection":[{"href":"https:\/\/cultura.sma.gob.ar\/index.php?rest_route=\/wp\/v2\/posts"}],"about":[{"href":"https:\/\/cultura.sma.gob.ar\/index.php?rest_route=\/wp\/v2\/types\/post"}],"author":[{"embeddable":true,"href":"https:\/\/cultura.sma.gob.ar\/index.php?rest_route=\/wp\/v2\/users\/1"}],"replies":[{"embeddable":true,"href":"https:\/\/cultura.sma.gob.ar\/index.php?rest_route=%2Fwp%2Fv2%2Fcomments&post=2059"}],"version-history":[{"count":1,"href":"https:\/\/cultura.sma.gob.ar\/index.php?rest_route=\/wp\/v2\/posts\/2059\/revisions"}],"predecessor-version":[{"id":2061,"href":"https:\/\/cultura.sma.gob.ar\/index.php?rest_route=\/wp\/v2\/posts\/2059\/revisions\/2061"}],"wp:featuredmedia":[{"embeddable":true,"href":"https:\/\/cultura.sma.gob.ar\/index.php?rest_route=\/wp\/v2\/media\/297"}],"wp:attachment":[{"href":"https:\/\/cultura.sma.gob.ar\/index.php?rest_route=%2Fwp%2Fv2%2Fmedia&parent=2059"}],"wp:term":[{"taxonomy":"category","embeddable":true,"href":"https:\/\/cultura.sma.gob.ar\/index.php?rest_route=%2Fwp%2Fv2%2Fcategories&post=2059"},{"taxonomy":"post_tag","embeddable":true,"href":"https:\/\/cultura.sma.gob.ar\/index.php?rest_route=%2Fwp%2Fv2%2Ftags&post=2059"}],"curies":[{"name":"wp","href":"https:\/\/api.w.org\/{rel}","templated":true}]}}