{"id":2056,"date":"2021-08-19T09:42:04","date_gmt":"2021-08-19T12:42:04","guid":{"rendered":"http:\/\/cultura.sma.gob.ar\/?p=2056"},"modified":"2021-08-19T09:42:04","modified_gmt":"2021-08-19T12:42:04","slug":"senales-de-comunidad-la-historia-de-las-radios-en-la-localidad","status":"publish","type":"post","link":"https:\/\/cultura.sma.gob.ar\/?p=2056","title":{"rendered":"Se\u00f1ales de comunidad: la historia de las radios en la localidad"},"content":{"rendered":"\n<figure class=\"wp-block-image size-large\"><img loading=\"lazy\" decoding=\"async\" width=\"1024\" height=\"1024\" src=\"http:\/\/cultura.sma.gob.ar\/wp-content\/uploads\/2021\/08\/Senales-de-Comunidad-Difusion-1-1024x1024.jpg\" alt=\"\" class=\"wp-image-2057\" srcset=\"https:\/\/cultura.sma.gob.ar\/wp-content\/uploads\/2021\/08\/Senales-de-Comunidad-Difusion-1-1024x1024.jpg 1024w, https:\/\/cultura.sma.gob.ar\/wp-content\/uploads\/2021\/08\/Senales-de-Comunidad-Difusion-1-300x300.jpg 300w, https:\/\/cultura.sma.gob.ar\/wp-content\/uploads\/2021\/08\/Senales-de-Comunidad-Difusion-1-150x150.jpg 150w, https:\/\/cultura.sma.gob.ar\/wp-content\/uploads\/2021\/08\/Senales-de-Comunidad-Difusion-1-768x768.jpg 768w, https:\/\/cultura.sma.gob.ar\/wp-content\/uploads\/2021\/08\/Senales-de-Comunidad-Difusion-1-90x90.jpg 90w, https:\/\/cultura.sma.gob.ar\/wp-content\/uploads\/2021\/08\/Senales-de-Comunidad-Difusion-1.jpg 1200w\" sizes=\"auto, (max-width: 1024px) 100vw, 1024px\" \/><\/figure>\n\n\n\n<p>El pr\u00f3ximo s\u00e1bado, 21 de agosto a las 21:00hs en la Sala Auditorio de nuestro querido Centro Cultural realizaremos la proyecci\u00f3n especial del Capitulo N\u00b02 de la Serie \u201cSE\u00d1ALES DE COMUNIDAD\u201d una producci\u00f3n colectiva de la Red FARCO (Foro Argentino de Radios Comunitarias). Dicho cap\u00edtulo hace un recorrido por el trabajo de FM Pocahullo y FM Che, las Radios Comunitarias de San Mart\u00edn de los Andes y Jun\u00edn de los Andes respectivamente.<\/p>\n\n\n\n<p><em>Se\u00f1ales de Comunidad f<\/em>ue una coproducci\u00f3n de:\u00a0<em>Radio Futura de La Plata; Radio Encuentro de Viedma, Aire Libre de Rosario, Radio Gr\u00e1fica de CABA, La Chicharra de Goya, La Ronda de Colonia Caroya, La Voz del Cerro de Jujuy, La Mosquitera de Guaymall\u00e9n Mendoza y Fm Pocahullo de San Mart\u00edn de Los Andes.<\/em><br><br>Cada organizaci\u00f3n se encarg\u00f3 de la producci\u00f3n y realizaci\u00f3n de los videos que integran la serie. En el caso del Cap\u00edtulo N\u00b02,\u00a0fue producido y realizado por el colectivo de El T\u00e1bano Digital.<\/p>\n\n\n\n<p>Radios comunitarias de todo el pa\u00eds fueron parte de esta serie producida y filmada en plena pandemia, y refleja el car\u00e1cter federal que tiene la red. La producci\u00f3n fue financiada con los fondos concursables de\u00a0<strong>FOMECA\u00a0<\/strong>-Fondos de Fomento para Medios Comunitarios-, y muestra la vida de las radios y sus organizaciones en la zona patag\u00f3nica, al centro del pa\u00eds y a la regi\u00f3n andina.<\/p>\n\n\n\n<p>Estos proyectos de comunicaci\u00f3n comunitaria est\u00e1n gestionados por diferentes organizaciones que trabajan en los territorios de forma cooperativa y asociativa.<\/p>\n\n\n\n<p>Entrada General $100.- Jubilados y Estudiantes $50.-<\/p>\n\n\n\n<p><strong>26 a\u00f1os construyendo comunicaci\u00f3n popular<\/strong><\/p>\n\n\n\n<p>El \u00faltimo cap\u00edtulo tiene por protagonista a la red toda y se estrena el 29 de agosto. Cuenta la historia de la red desde sus inicios, pasando por la pelea ante la&nbsp;<strong>Ley de Servicios de Comunicaci\u00f3n Audiovisual<\/strong>&nbsp;y su obtenci\u00f3n en 2009.<\/p>\n\n\n\n<p><br>Este cap\u00edtulo es el \u00fanico de una hora de duraci\u00f3n y recorre los 26 a\u00f1os de la red que un 20 de agosto de 1995 se reuni\u00f3 por primera vez en asamblea, aunque ven\u00edan trabajando y debatiendo desde 1992. Con im\u00e1genes de archivo emblem\u00e1ticas, el cap\u00edtulo cuenta los caminos de las radios comunitarias en Argentina que ejercen y defienden el derecho a la comunicaci\u00f3n. La diversidad de territorios, de paisajes, de organizaciones y voces, permite tener dimensi\u00f3n de la potencia de las radios comunitarias.&nbsp;<\/p>\n\n\n\n<p>Luego del 20 de agosto, todos los d\u00edas se estrenar\u00e1 un nuevo cap\u00edtulo a las 21 hs, hasta completar los 10 que componen la serie. A propuesta de las distintas radios habr\u00e1 proyecciones presenciales en algunas regiones del pa\u00eds, en cines (como es el caso de San Mart\u00edn de los Andes) y tambi\u00e9n se transmitir\u00e1 el estreno en canales locales ante la gesti\u00f3n de algunas radios.<\/p>\n","protected":false},"excerpt":{"rendered":"<p>S\u00e1bado 21 de agosto, a las 21hs, en el cine del Centro Cultural Cotesma <a href=\"https:\/\/cultura.sma.gob.ar\/?p=2056\" class=\"more-link\">Continue reading <span class=\"screen-reader-text\">Se\u00f1ales de comunidad: la historia de las radios en la localidad<\/span><\/a><\/p>\n","protected":false},"author":1,"featured_media":297,"comment_status":"closed","ping_status":"","sticky":false,"template":"","format":"image","meta":{"footnotes":""},"categories":[2],"tags":[],"class_list":["post-2056","post","type-post","status-publish","format-image","has-post-thumbnail","hentry","category-ciudad-cultural","post_format-post-format-image"],"_links":{"self":[{"href":"https:\/\/cultura.sma.gob.ar\/index.php?rest_route=\/wp\/v2\/posts\/2056","targetHints":{"allow":["GET"]}}],"collection":[{"href":"https:\/\/cultura.sma.gob.ar\/index.php?rest_route=\/wp\/v2\/posts"}],"about":[{"href":"https:\/\/cultura.sma.gob.ar\/index.php?rest_route=\/wp\/v2\/types\/post"}],"author":[{"embeddable":true,"href":"https:\/\/cultura.sma.gob.ar\/index.php?rest_route=\/wp\/v2\/users\/1"}],"replies":[{"embeddable":true,"href":"https:\/\/cultura.sma.gob.ar\/index.php?rest_route=%2Fwp%2Fv2%2Fcomments&post=2056"}],"version-history":[{"count":1,"href":"https:\/\/cultura.sma.gob.ar\/index.php?rest_route=\/wp\/v2\/posts\/2056\/revisions"}],"predecessor-version":[{"id":2058,"href":"https:\/\/cultura.sma.gob.ar\/index.php?rest_route=\/wp\/v2\/posts\/2056\/revisions\/2058"}],"wp:featuredmedia":[{"embeddable":true,"href":"https:\/\/cultura.sma.gob.ar\/index.php?rest_route=\/wp\/v2\/media\/297"}],"wp:attachment":[{"href":"https:\/\/cultura.sma.gob.ar\/index.php?rest_route=%2Fwp%2Fv2%2Fmedia&parent=2056"}],"wp:term":[{"taxonomy":"category","embeddable":true,"href":"https:\/\/cultura.sma.gob.ar\/index.php?rest_route=%2Fwp%2Fv2%2Fcategories&post=2056"},{"taxonomy":"post_tag","embeddable":true,"href":"https:\/\/cultura.sma.gob.ar\/index.php?rest_route=%2Fwp%2Fv2%2Ftags&post=2056"}],"curies":[{"name":"wp","href":"https:\/\/api.w.org\/{rel}","templated":true}]}}