{"id":2048,"date":"2021-08-19T09:04:48","date_gmt":"2021-08-19T12:04:48","guid":{"rendered":"http:\/\/cultura.sma.gob.ar\/?p=2048"},"modified":"2021-08-19T09:04:48","modified_gmt":"2021-08-19T12:04:48","slug":"finaliza-la-serie-creadores-con-un-episodio-dedicado-a-santiago-cariac","status":"publish","type":"post","link":"https:\/\/cultura.sma.gob.ar\/?p=2048","title":{"rendered":"Finaliza la serie Creadores con un episodio dedicado a Santiago Cariac"},"content":{"rendered":"\n<p>El pr\u00f3ximo jueves 26 de agosto termina esta serie de unitarios producidos por la Secretar\u00eda de Cultura que retratan el proceso creativo de diversos artistas locales. El episodio final estar\u00e1 protagonizado por el artista pl\u00e1stico Santiago Cariac.<\/p>\n\n\n\n<p>Autor de innumerables esculturas en hierro y madera, la pieza dedicada a abuelas de plaza de mayo, emplazado en la plaza San Mart\u00edn, lleva su firma. Inspirado por las formas que toma el vac\u00edo, contorneado entre fierros retorcidos, el creador ve arte donde otros ven espacios.&nbsp;<\/p>\n\n\n\n<figure class=\"wp-block-image size-large\"><img loading=\"lazy\" decoding=\"async\" width=\"800\" height=\"534\" src=\"http:\/\/cultura.sma.gob.ar\/wp-content\/uploads\/2021\/08\/IMG-20210804-WA0020.jpg\" alt=\"\" class=\"wp-image-2050\" srcset=\"https:\/\/cultura.sma.gob.ar\/wp-content\/uploads\/2021\/08\/IMG-20210804-WA0020.jpg 800w, https:\/\/cultura.sma.gob.ar\/wp-content\/uploads\/2021\/08\/IMG-20210804-WA0020-300x200.jpg 300w, https:\/\/cultura.sma.gob.ar\/wp-content\/uploads\/2021\/08\/IMG-20210804-WA0020-768x513.jpg 768w, https:\/\/cultura.sma.gob.ar\/wp-content\/uploads\/2021\/08\/IMG-20210804-WA0020-135x90.jpg 135w\" sizes=\"auto, (max-width: 800px) 100vw, 800px\" \/><\/figure>\n\n\n\n<p>En esta emocionante entrevista, Cariac abre las puertas de su taller y relata su d\u00eda a d\u00eda, su proceso creativo, las fuentes de su inspiraci\u00f3n y la importancia que tiene para \u00e9l su trabajo. Adem\u00e1s describe algunas de las obras que m\u00e1s lo representan y adelanta un nuevo trabajo.<\/p>\n\n\n\n<p>Creadores es una serie de unitarios producido por el equipo audiovisual de la Secretar\u00eda de Cultura y la Sala Lidaura Chapitel. Compuesto de cuatro episodios, busca mostrar al artista dentro de su espacio de trabajo, en contexto cotidiano, explorando la intimidad de su recorrido creativo.&nbsp;<\/p>\n\n\n\n<p>Las tres entregas anteriores, dedicadas a la fot\u00f3grafa Camila Calderoni, la ilustradora Juan Denicolay y la artista visual Anabela Falconi, pueden verse en el canal de YouTube de la Secretar\u00eda de Cultura.<\/p>\n","protected":false},"excerpt":{"rendered":"<p>El pr\u00f3ximo jueves 26 de agosto termina esta serie de unitarios producidos por la Secretar\u00eda de Cultura que retratan el proceso creativo de diversos artistas locales. El episodio final estar\u00e1 protagonizado por el artista pl\u00e1stico Santiago Cariac. <a href=\"https:\/\/cultura.sma.gob.ar\/?p=2048\" class=\"more-link\">Continue reading <span class=\"screen-reader-text\">Finaliza la serie Creadores con un episodio dedicado a Santiago Cariac<\/span><\/a><\/p>\n","protected":false},"author":1,"featured_media":2053,"comment_status":"closed","ping_status":"","sticky":false,"template":"","format":"image","meta":{"footnotes":""},"categories":[6],"tags":[],"class_list":["post-2048","post","type-post","status-publish","format-image","has-post-thumbnail","hentry","category-sala-lidaura-chapitel","post_format-post-format-image"],"_links":{"self":[{"href":"https:\/\/cultura.sma.gob.ar\/index.php?rest_route=\/wp\/v2\/posts\/2048","targetHints":{"allow":["GET"]}}],"collection":[{"href":"https:\/\/cultura.sma.gob.ar\/index.php?rest_route=\/wp\/v2\/posts"}],"about":[{"href":"https:\/\/cultura.sma.gob.ar\/index.php?rest_route=\/wp\/v2\/types\/post"}],"author":[{"embeddable":true,"href":"https:\/\/cultura.sma.gob.ar\/index.php?rest_route=\/wp\/v2\/users\/1"}],"replies":[{"embeddable":true,"href":"https:\/\/cultura.sma.gob.ar\/index.php?rest_route=%2Fwp%2Fv2%2Fcomments&post=2048"}],"version-history":[{"count":3,"href":"https:\/\/cultura.sma.gob.ar\/index.php?rest_route=\/wp\/v2\/posts\/2048\/revisions"}],"predecessor-version":[{"id":2054,"href":"https:\/\/cultura.sma.gob.ar\/index.php?rest_route=\/wp\/v2\/posts\/2048\/revisions\/2054"}],"wp:featuredmedia":[{"embeddable":true,"href":"https:\/\/cultura.sma.gob.ar\/index.php?rest_route=\/wp\/v2\/media\/2053"}],"wp:attachment":[{"href":"https:\/\/cultura.sma.gob.ar\/index.php?rest_route=%2Fwp%2Fv2%2Fmedia&parent=2048"}],"wp:term":[{"taxonomy":"category","embeddable":true,"href":"https:\/\/cultura.sma.gob.ar\/index.php?rest_route=%2Fwp%2Fv2%2Fcategories&post=2048"},{"taxonomy":"post_tag","embeddable":true,"href":"https:\/\/cultura.sma.gob.ar\/index.php?rest_route=%2Fwp%2Fv2%2Ftags&post=2048"}],"curies":[{"name":"wp","href":"https:\/\/api.w.org\/{rel}","templated":true}]}}