{"id":2045,"date":"2021-08-19T08:55:34","date_gmt":"2021-08-19T11:55:34","guid":{"rendered":"http:\/\/cultura.sma.gob.ar\/?p=2045"},"modified":"2021-08-20T11:58:21","modified_gmt":"2021-08-20T14:58:21","slug":"presentes-ausentes-la-nueva-propuesta-del-programa-teatro-san-jose-presenta","status":"publish","type":"post","link":"https:\/\/cultura.sma.gob.ar\/?p=2045","title":{"rendered":"\u201cPresentes Ausentes\u201d: la nueva propuesta del programa Teatro San Jos\u00e9 Presenta"},"content":{"rendered":"\n<p>El pr\u00f3ximo s\u00e1bado 28 y domingo 29 de agosto, a las 21hs, en el teatro San Jos\u00e9, llega un nuevo estreno en el marco de este programa municipal de promoci\u00f3n de las artes esc\u00e9nicas. Presentes Ausentes es una obra de humor, cuyas entradas ya se encuentran a la venta en la boleter\u00eda del teatro.&nbsp;<\/p>\n\n\n\n<p>\u201cPresentes Ausentes\u201d, es una obra del grupo Humo Negro de la Provincia de Neuqu\u00e9n, con textos de Jorgelina Balsa y Sandra Monteagudo y asesoramiento esc\u00e9nico de Deby Wachtel. Dos profesoras que compartieron m\u00e1s 40 a\u00f1os de sus vidas en una escuela secundaria, se re\u00fanen para recordar viejos tiempos. Ambas est\u00e1n muy cambiadas: la profesora de m\u00fasica canta tangos en un cabaret y la profesora de gimnasia lleva a cuesta \u2013junto con sus a\u00f1os y achaques- un pesado bolso.&nbsp;<\/p>\n\n\n\n<p>Actos escolares carentes de sentido, competencias deportivas, libros que se tiran, canciones que duelen de solo o\u00edrlas, son el marco en donde se desarrolla la vida de estas profesoras. El planteo esc\u00e9nico de la obra es muy bueno: la acci\u00f3n se desarrolla en el cabaret en donde canta la profesora de m\u00fasica. Hay un escenario, ubicado al frente del sal\u00f3n-cabaret en el que se ven dos micr\u00f3fonos, una peque\u00f1a tarima en proscenio y al fondo una tela blanca.&nbsp;<\/p>\n\n\n\n<figure class=\"wp-block-image size-large\"><img loading=\"lazy\" decoding=\"async\" width=\"1024\" height=\"1024\" src=\"http:\/\/cultura.sma.gob.ar\/wp-content\/uploads\/2021\/08\/redes-01-1024x1024.jpg\" alt=\"\" class=\"wp-image-2068\" srcset=\"https:\/\/cultura.sma.gob.ar\/wp-content\/uploads\/2021\/08\/redes-01-1024x1024.jpg 1024w, https:\/\/cultura.sma.gob.ar\/wp-content\/uploads\/2021\/08\/redes-01-300x300.jpg 300w, https:\/\/cultura.sma.gob.ar\/wp-content\/uploads\/2021\/08\/redes-01-150x150.jpg 150w, https:\/\/cultura.sma.gob.ar\/wp-content\/uploads\/2021\/08\/redes-01-768x768.jpg 768w, https:\/\/cultura.sma.gob.ar\/wp-content\/uploads\/2021\/08\/redes-01-1536x1536.jpg 1536w, https:\/\/cultura.sma.gob.ar\/wp-content\/uploads\/2021\/08\/redes-01-90x90.jpg 90w, https:\/\/cultura.sma.gob.ar\/wp-content\/uploads\/2021\/08\/redes-01.jpg 1875w\" sizes=\"auto, (max-width: 1024px) 100vw, 1024px\" \/><\/figure>\n\n\n\n<p>Ah\u00ed canta sus tangos reos la profesora de m\u00fasica y es el espacio en donde los recuerdos de ambas cobran vida Al costado del sal\u00f3n, en una tarima elevada, ambas maestras comparten una mesa, en donde van desgranando sus recuerdos. De esta manera el pasado y el presente est\u00e1n aunados en un solo \u00e1mbito. Solo les basta caminar unos pasos a las ancianas para convertirse en las j\u00f3venes mujeres que fueron.<\/p>\n\n\n\n<p>El espect\u00e1culo se lleva a cabo bajo protocolo sanitario, con aforo limitado. Las entradas ya se ecuentran a la venta en la boleter\u00eda del teatro San Jos\u00e9, con horario de atenci\u00f3n de 9 a 21hs. Por consultas se pueden comunicar al 424803.&nbsp;<\/p>\n","protected":false},"excerpt":{"rendered":"<p>El pr\u00f3ximo s\u00e1bado 28 de agosto, a las 21hs, en el teatro San Jos\u00e9, llaga un nuevo estreno en el marco de este programa municipal de promoci\u00f3n de las artes esc\u00e9nicas.  <a href=\"https:\/\/cultura.sma.gob.ar\/?p=2045\" class=\"more-link\">Continue reading <span class=\"screen-reader-text\">\u201cPresentes Ausentes\u201d: la nueva propuesta del programa Teatro San Jos\u00e9 Presenta<\/span><\/a><\/p>\n","protected":false},"author":1,"featured_media":2046,"comment_status":"closed","ping_status":"","sticky":false,"template":"","format":"image","meta":{"footnotes":""},"categories":[8],"tags":[],"class_list":["post-2045","post","type-post","status-publish","format-image","has-post-thumbnail","hentry","category-teatro-san-jose","post_format-post-format-image"],"_links":{"self":[{"href":"https:\/\/cultura.sma.gob.ar\/index.php?rest_route=\/wp\/v2\/posts\/2045","targetHints":{"allow":["GET"]}}],"collection":[{"href":"https:\/\/cultura.sma.gob.ar\/index.php?rest_route=\/wp\/v2\/posts"}],"about":[{"href":"https:\/\/cultura.sma.gob.ar\/index.php?rest_route=\/wp\/v2\/types\/post"}],"author":[{"embeddable":true,"href":"https:\/\/cultura.sma.gob.ar\/index.php?rest_route=\/wp\/v2\/users\/1"}],"replies":[{"embeddable":true,"href":"https:\/\/cultura.sma.gob.ar\/index.php?rest_route=%2Fwp%2Fv2%2Fcomments&post=2045"}],"version-history":[{"count":3,"href":"https:\/\/cultura.sma.gob.ar\/index.php?rest_route=\/wp\/v2\/posts\/2045\/revisions"}],"predecessor-version":[{"id":2069,"href":"https:\/\/cultura.sma.gob.ar\/index.php?rest_route=\/wp\/v2\/posts\/2045\/revisions\/2069"}],"wp:featuredmedia":[{"embeddable":true,"href":"https:\/\/cultura.sma.gob.ar\/index.php?rest_route=\/wp\/v2\/media\/2046"}],"wp:attachment":[{"href":"https:\/\/cultura.sma.gob.ar\/index.php?rest_route=%2Fwp%2Fv2%2Fmedia&parent=2045"}],"wp:term":[{"taxonomy":"category","embeddable":true,"href":"https:\/\/cultura.sma.gob.ar\/index.php?rest_route=%2Fwp%2Fv2%2Fcategories&post=2045"},{"taxonomy":"post_tag","embeddable":true,"href":"https:\/\/cultura.sma.gob.ar\/index.php?rest_route=%2Fwp%2Fv2%2Ftags&post=2045"}],"curies":[{"name":"wp","href":"https:\/\/api.w.org\/{rel}","templated":true}]}}