{"id":2039,"date":"2021-08-18T14:55:15","date_gmt":"2021-08-18T17:55:15","guid":{"rendered":"http:\/\/cultura.sma.gob.ar\/?p=2039"},"modified":"2021-08-18T14:55:15","modified_gmt":"2021-08-18T17:55:15","slug":"crecer-bailando-show-a-beneficio-del-ciart","status":"publish","type":"post","link":"https:\/\/cultura.sma.gob.ar\/?p=2039","title":{"rendered":"Crecer bailando: show a beneficio del CIART"},"content":{"rendered":"\n<figure class=\"wp-block-image size-large\"><img loading=\"lazy\" decoding=\"async\" width=\"724\" height=\"1024\" src=\"http:\/\/cultura.sma.gob.ar\/wp-content\/uploads\/2021\/08\/CRECER-BAILANDO-Flyer-724x1024.jpg\" alt=\"\" class=\"wp-image-2040\" srcset=\"https:\/\/cultura.sma.gob.ar\/wp-content\/uploads\/2021\/08\/CRECER-BAILANDO-Flyer-724x1024.jpg 724w, https:\/\/cultura.sma.gob.ar\/wp-content\/uploads\/2021\/08\/CRECER-BAILANDO-Flyer-212x300.jpg 212w, https:\/\/cultura.sma.gob.ar\/wp-content\/uploads\/2021\/08\/CRECER-BAILANDO-Flyer-768x1086.jpg 768w, https:\/\/cultura.sma.gob.ar\/wp-content\/uploads\/2021\/08\/CRECER-BAILANDO-Flyer-64x90.jpg 64w, https:\/\/cultura.sma.gob.ar\/wp-content\/uploads\/2021\/08\/CRECER-BAILANDO-Flyer.jpg 842w\" sizes=\"auto, (max-width: 724px) 100vw, 724px\" \/><\/figure>\n\n\n\n<p>El s\u00e1bado 04 de septiembre a las 19:30hs y a las 21hs, llegan dos funciones de &#8220;CRECER BAILANDO&#8221; un espect\u00e1culo a beneficio del C.I.Art N\u00b05 de nuestra localidad.<br>Organizado por la bailarina Agostina Garrido, quien compartir\u00e1 su pasi\u00f3n por la danza junto a las Compa\u00f1\u00eda de Danzas Aurora y el Ballet Folkl\u00f3rico Waras de los Andes de los que forma parte.<br>&#8220;CRECER BAILANDO&#8221; es un show para compartir con familiares y amigos.<br>Entrada General $500.- En venta en la Boleteria del Centro Cultural Cotesma a partir del martes 24\/08.<br>Cupos limitados por protocolo.<\/p>\n","protected":false},"excerpt":{"rendered":"<p>S\u00e1bado 4 de septiembre, doble funci\u00f3n, en el Centro Cultural Cotesma <a href=\"https:\/\/cultura.sma.gob.ar\/?p=2039\" class=\"more-link\">Continue reading <span class=\"screen-reader-text\">Crecer bailando: show a beneficio del CIART<\/span><\/a><\/p>\n","protected":false},"author":1,"featured_media":297,"comment_status":"closed","ping_status":"","sticky":false,"template":"","format":"image","meta":{"footnotes":""},"categories":[2],"tags":[],"class_list":["post-2039","post","type-post","status-publish","format-image","has-post-thumbnail","hentry","category-ciudad-cultural","post_format-post-format-image"],"_links":{"self":[{"href":"https:\/\/cultura.sma.gob.ar\/index.php?rest_route=\/wp\/v2\/posts\/2039","targetHints":{"allow":["GET"]}}],"collection":[{"href":"https:\/\/cultura.sma.gob.ar\/index.php?rest_route=\/wp\/v2\/posts"}],"about":[{"href":"https:\/\/cultura.sma.gob.ar\/index.php?rest_route=\/wp\/v2\/types\/post"}],"author":[{"embeddable":true,"href":"https:\/\/cultura.sma.gob.ar\/index.php?rest_route=\/wp\/v2\/users\/1"}],"replies":[{"embeddable":true,"href":"https:\/\/cultura.sma.gob.ar\/index.php?rest_route=%2Fwp%2Fv2%2Fcomments&post=2039"}],"version-history":[{"count":1,"href":"https:\/\/cultura.sma.gob.ar\/index.php?rest_route=\/wp\/v2\/posts\/2039\/revisions"}],"predecessor-version":[{"id":2041,"href":"https:\/\/cultura.sma.gob.ar\/index.php?rest_route=\/wp\/v2\/posts\/2039\/revisions\/2041"}],"wp:featuredmedia":[{"embeddable":true,"href":"https:\/\/cultura.sma.gob.ar\/index.php?rest_route=\/wp\/v2\/media\/297"}],"wp:attachment":[{"href":"https:\/\/cultura.sma.gob.ar\/index.php?rest_route=%2Fwp%2Fv2%2Fmedia&parent=2039"}],"wp:term":[{"taxonomy":"category","embeddable":true,"href":"https:\/\/cultura.sma.gob.ar\/index.php?rest_route=%2Fwp%2Fv2%2Fcategories&post=2039"},{"taxonomy":"post_tag","embeddable":true,"href":"https:\/\/cultura.sma.gob.ar\/index.php?rest_route=%2Fwp%2Fv2%2Ftags&post=2039"}],"curies":[{"name":"wp","href":"https:\/\/api.w.org\/{rel}","templated":true}]}}