{"id":2036,"date":"2021-08-18T14:51:07","date_gmt":"2021-08-18T17:51:07","guid":{"rendered":"http:\/\/cultura.sma.gob.ar\/?p=2036"},"modified":"2021-08-18T14:51:07","modified_gmt":"2021-08-18T17:51:07","slug":"segundo-encuentro-trabunero","status":"publish","type":"post","link":"https:\/\/cultura.sma.gob.ar\/?p=2036","title":{"rendered":"Segundo encuentro Trabunero"},"content":{"rendered":"\n<div class=\"wp-block-image\"><figure class=\"aligncenter size-large is-resized\"><img loading=\"lazy\" decoding=\"async\" src=\"http:\/\/cultura.sma.gob.ar\/wp-content\/uploads\/2021\/08\/0001-6126903988_20210817_173356_0000-1024x1024.png\" alt=\"\" class=\"wp-image-2037\" width=\"600\" height=\"600\" srcset=\"https:\/\/cultura.sma.gob.ar\/wp-content\/uploads\/2021\/08\/0001-6126903988_20210817_173356_0000-1024x1024.png 1024w, https:\/\/cultura.sma.gob.ar\/wp-content\/uploads\/2021\/08\/0001-6126903988_20210817_173356_0000-300x300.png 300w, https:\/\/cultura.sma.gob.ar\/wp-content\/uploads\/2021\/08\/0001-6126903988_20210817_173356_0000-150x150.png 150w, https:\/\/cultura.sma.gob.ar\/wp-content\/uploads\/2021\/08\/0001-6126903988_20210817_173356_0000-768x768.png 768w, https:\/\/cultura.sma.gob.ar\/wp-content\/uploads\/2021\/08\/0001-6126903988_20210817_173356_0000-90x90.png 90w, https:\/\/cultura.sma.gob.ar\/wp-content\/uploads\/2021\/08\/0001-6126903988_20210817_173356_0000.png 1080w\" sizes=\"auto, (max-width: 600px) 100vw, 600px\" \/><\/figure><\/div>\n\n\n\n<p>Desde la actual comisi\u00f3n del Trabun y en trabajo conjunto con la secretar\u00eda de cultura dela ciudad, tenemos el agrado de invitarlos al segundo ciclo trabunero del a\u00f1o. Esta iniciativa, es llevada a cabo para continuar recaudando fondos para fin de a\u00f1o y que se pueda realizar esta hermosa fiesta del pueblo de San Mart\u00edn de los Andes.<br>Como en la primera edici\u00f3n podr\u00e1n disfrutar del encuentro junto a grupos musicales y de danza de nuestra localidad en vivo. Esta vez con un tono m\u00e1s de folklore tradicional.<br>Se realizar\u00e1 el domingo 5 de Septiembre del 2021, en el centro cultural Cotesma a partir de las 20 hs, con un valor de $300 la entrada.<br>Les esperamos para compartir juntos y juntas, una vez m\u00e1s, la alegr\u00eda de la m\u00fasica, el baile y el canto.<br>\u00a1El trabun, lo hacemos entre todas, todos y todes!<\/p>\n","protected":false},"excerpt":{"rendered":"<p>Domingo 5 de septiembre en el Centro Cultural Cotesma. <a href=\"https:\/\/cultura.sma.gob.ar\/?p=2036\" class=\"more-link\">Continue reading <span class=\"screen-reader-text\">Segundo encuentro Trabunero<\/span><\/a><\/p>\n","protected":false},"author":1,"featured_media":297,"comment_status":"closed","ping_status":"","sticky":false,"template":"","format":"image","meta":{"footnotes":""},"categories":[2],"tags":[],"class_list":["post-2036","post","type-post","status-publish","format-image","has-post-thumbnail","hentry","category-ciudad-cultural","post_format-post-format-image"],"_links":{"self":[{"href":"https:\/\/cultura.sma.gob.ar\/index.php?rest_route=\/wp\/v2\/posts\/2036","targetHints":{"allow":["GET"]}}],"collection":[{"href":"https:\/\/cultura.sma.gob.ar\/index.php?rest_route=\/wp\/v2\/posts"}],"about":[{"href":"https:\/\/cultura.sma.gob.ar\/index.php?rest_route=\/wp\/v2\/types\/post"}],"author":[{"embeddable":true,"href":"https:\/\/cultura.sma.gob.ar\/index.php?rest_route=\/wp\/v2\/users\/1"}],"replies":[{"embeddable":true,"href":"https:\/\/cultura.sma.gob.ar\/index.php?rest_route=%2Fwp%2Fv2%2Fcomments&post=2036"}],"version-history":[{"count":1,"href":"https:\/\/cultura.sma.gob.ar\/index.php?rest_route=\/wp\/v2\/posts\/2036\/revisions"}],"predecessor-version":[{"id":2038,"href":"https:\/\/cultura.sma.gob.ar\/index.php?rest_route=\/wp\/v2\/posts\/2036\/revisions\/2038"}],"wp:featuredmedia":[{"embeddable":true,"href":"https:\/\/cultura.sma.gob.ar\/index.php?rest_route=\/wp\/v2\/media\/297"}],"wp:attachment":[{"href":"https:\/\/cultura.sma.gob.ar\/index.php?rest_route=%2Fwp%2Fv2%2Fmedia&parent=2036"}],"wp:term":[{"taxonomy":"category","embeddable":true,"href":"https:\/\/cultura.sma.gob.ar\/index.php?rest_route=%2Fwp%2Fv2%2Fcategories&post=2036"},{"taxonomy":"post_tag","embeddable":true,"href":"https:\/\/cultura.sma.gob.ar\/index.php?rest_route=%2Fwp%2Fv2%2Ftags&post=2036"}],"curies":[{"name":"wp","href":"https:\/\/api.w.org\/{rel}","templated":true}]}}