{"id":2031,"date":"2021-08-16T10:51:32","date_gmt":"2021-08-16T13:51:32","guid":{"rendered":"http:\/\/cultura.sma.gob.ar\/?p=2031"},"modified":"2021-08-16T10:51:32","modified_gmt":"2021-08-16T13:51:32","slug":"se-inauguro-la-biblioteca-por-una-flor","status":"publish","type":"post","link":"https:\/\/cultura.sma.gob.ar\/?p=2031","title":{"rendered":"Se inaugur\u00f3 la biblioteca Por una Flor"},"content":{"rendered":"\n<p>Con la presencia del Secretario de Cultura, Gustavo Santos, la Directora Provincial de Desarrollo de las Artes, Paula Boy\u00e9, y el representante del INT en Neuqu\u00e9n, Fernando Arag\u00f3n, el s\u00e1bado 14 de agosto qued\u00f3 oficialmente inaugurada la biblioteca Por una Flor. Daniel Aguirre, reconocido titiritero de la localidad, cont\u00f3 c\u00f3mo se inici\u00f3 el proyecto y los trabajos que est\u00e1n realizando, entre los que se destaca el rescate hist\u00f3rico del grupo de teatro ANTA de San Mart\u00edn de los Andes.<\/p>\n\n\n\n<div class=\"wp-block-image\"><figure class=\"aligncenter size-large\"><img loading=\"lazy\" decoding=\"async\" width=\"467\" height=\"700\" src=\"http:\/\/cultura.sma.gob.ar\/wp-content\/uploads\/2021\/08\/IMG-20210815-WA0003.jpg\" alt=\"\" class=\"wp-image-2032\" srcset=\"https:\/\/cultura.sma.gob.ar\/wp-content\/uploads\/2021\/08\/IMG-20210815-WA0003.jpg 467w, https:\/\/cultura.sma.gob.ar\/wp-content\/uploads\/2021\/08\/IMG-20210815-WA0003-200x300.jpg 200w, https:\/\/cultura.sma.gob.ar\/wp-content\/uploads\/2021\/08\/IMG-20210815-WA0003-60x90.jpg 60w\" sizes=\"auto, (max-width: 467px) 100vw, 467px\" \/><\/figure><\/div>\n\n\n\n<p>El acto de inauguraci\u00f3n se repiti\u00f3 el domingo y el lunes, para respetar el protocolo sanitario de aforo de p\u00fablico.<\/p>\n\n\n\n<p>La biblioteca Por una Flor integra las propuestas del colectivo CITA, Centro Integral de T\u00edteres y Afines. Es una biblioteca especializada en artes esc\u00e9nicas y artes en general que estar\u00e1 abierta a estudiantes, docentes y p\u00fablico en general. Se ubica en un aula del Centro de Estudios Sol de los Andes. Lleva el nombre \u201cPor una flor\u201d en reconocimiento y homenaje a Luis Alberto \u201cKique\u201d S\u00e1nchez Vera, por su enorme aporte al teatro de t\u00edteres en la Provincia de Neuqu\u00e9n.<\/p>\n","protected":false},"excerpt":{"rendered":"<p>Este s\u00e1ado 14 de agosto se realiz\u00f3 el acto oficial, repetido los d\u00edas domingo y lunes por aforo limitado. <a href=\"https:\/\/cultura.sma.gob.ar\/?p=2031\" class=\"more-link\">Continue reading <span class=\"screen-reader-text\">Se inaugur\u00f3 la biblioteca Por una Flor<\/span><\/a><\/p>\n","protected":false},"author":1,"featured_media":2033,"comment_status":"closed","ping_status":"","sticky":false,"template":"","format":"image","meta":{"footnotes":""},"categories":[2,9],"tags":[],"class_list":["post-2031","post","type-post","status-publish","format-image","has-post-thumbnail","hentry","category-ciudad-cultural","category-ultimas-noticias","post_format-post-format-image"],"_links":{"self":[{"href":"https:\/\/cultura.sma.gob.ar\/index.php?rest_route=\/wp\/v2\/posts\/2031","targetHints":{"allow":["GET"]}}],"collection":[{"href":"https:\/\/cultura.sma.gob.ar\/index.php?rest_route=\/wp\/v2\/posts"}],"about":[{"href":"https:\/\/cultura.sma.gob.ar\/index.php?rest_route=\/wp\/v2\/types\/post"}],"author":[{"embeddable":true,"href":"https:\/\/cultura.sma.gob.ar\/index.php?rest_route=\/wp\/v2\/users\/1"}],"replies":[{"embeddable":true,"href":"https:\/\/cultura.sma.gob.ar\/index.php?rest_route=%2Fwp%2Fv2%2Fcomments&post=2031"}],"version-history":[{"count":1,"href":"https:\/\/cultura.sma.gob.ar\/index.php?rest_route=\/wp\/v2\/posts\/2031\/revisions"}],"predecessor-version":[{"id":2034,"href":"https:\/\/cultura.sma.gob.ar\/index.php?rest_route=\/wp\/v2\/posts\/2031\/revisions\/2034"}],"wp:featuredmedia":[{"embeddable":true,"href":"https:\/\/cultura.sma.gob.ar\/index.php?rest_route=\/wp\/v2\/media\/2033"}],"wp:attachment":[{"href":"https:\/\/cultura.sma.gob.ar\/index.php?rest_route=%2Fwp%2Fv2%2Fmedia&parent=2031"}],"wp:term":[{"taxonomy":"category","embeddable":true,"href":"https:\/\/cultura.sma.gob.ar\/index.php?rest_route=%2Fwp%2Fv2%2Fcategories&post=2031"},{"taxonomy":"post_tag","embeddable":true,"href":"https:\/\/cultura.sma.gob.ar\/index.php?rest_route=%2Fwp%2Fv2%2Ftags&post=2031"}],"curies":[{"name":"wp","href":"https:\/\/api.w.org\/{rel}","templated":true}]}}