{"id":2026,"date":"2021-08-16T10:48:13","date_gmt":"2021-08-16T13:48:13","guid":{"rendered":"http:\/\/cultura.sma.gob.ar\/?p=2026"},"modified":"2021-08-16T10:48:13","modified_gmt":"2021-08-16T13:48:13","slug":"este-viernes-inaugura-una-nueva-exposicion-en-la-sala-lidaura-chapitel","status":"publish","type":"post","link":"https:\/\/cultura.sma.gob.ar\/?p=2026","title":{"rendered":"Este viernes inaugura una nueva exposici\u00f3n en la Sala Lidaura Chapitel"},"content":{"rendered":"\n<p>El pr\u00f3ximo 20 de agosto abre una nueva exposici\u00f3n en la Sala Municipal Lidaura Chapitel, que estar\u00e1 disponible al p\u00fablico hasta el 15 de septiembre. La misma reune obras de tres art\u00edstas y podr\u00e1 ser visitada de lunes a viernes de 10 a 12hs y de 16 a 20hs. La entrada es libre y gratuita, cumpliendo con el protocolo sanitario.<\/p>\n\n\n\n<figure class=\"wp-block-gallery columns-3 is-cropped wp-block-gallery-1 is-layout-flex wp-block-gallery-is-layout-flex\"><ul class=\"blocks-gallery-grid\"><li class=\"blocks-gallery-item\"><figure><img loading=\"lazy\" decoding=\"async\" width=\"1024\" height=\"1024\" src=\"http:\/\/cultura.sma.gob.ar\/wp-content\/uploads\/2021\/08\/expo-agosto_21-06-1024x1024.jpg\" alt=\"\" data-id=\"2027\" data-full-url=\"http:\/\/cultura.sma.gob.ar\/wp-content\/uploads\/2021\/08\/expo-agosto_21-06.jpg\" data-link=\"http:\/\/cultura.sma.gob.ar\/?attachment_id=2027\" class=\"wp-image-2027\" srcset=\"https:\/\/cultura.sma.gob.ar\/wp-content\/uploads\/2021\/08\/expo-agosto_21-06-1024x1024.jpg 1024w, https:\/\/cultura.sma.gob.ar\/wp-content\/uploads\/2021\/08\/expo-agosto_21-06-300x300.jpg 300w, https:\/\/cultura.sma.gob.ar\/wp-content\/uploads\/2021\/08\/expo-agosto_21-06-150x150.jpg 150w, https:\/\/cultura.sma.gob.ar\/wp-content\/uploads\/2021\/08\/expo-agosto_21-06-768x768.jpg 768w, https:\/\/cultura.sma.gob.ar\/wp-content\/uploads\/2021\/08\/expo-agosto_21-06-1536x1536.jpg 1536w, https:\/\/cultura.sma.gob.ar\/wp-content\/uploads\/2021\/08\/expo-agosto_21-06-90x90.jpg 90w, https:\/\/cultura.sma.gob.ar\/wp-content\/uploads\/2021\/08\/expo-agosto_21-06.jpg 1875w\" sizes=\"auto, (max-width: 1024px) 100vw, 1024px\" \/><\/figure><\/li><li class=\"blocks-gallery-item\"><figure><img loading=\"lazy\" decoding=\"async\" width=\"1024\" height=\"1024\" src=\"http:\/\/cultura.sma.gob.ar\/wp-content\/uploads\/2021\/08\/expo-agosto_21-02-1024x1024.jpg\" alt=\"\" data-id=\"2028\" data-full-url=\"http:\/\/cultura.sma.gob.ar\/wp-content\/uploads\/2021\/08\/expo-agosto_21-02.jpg\" data-link=\"http:\/\/cultura.sma.gob.ar\/?attachment_id=2028\" class=\"wp-image-2028\" srcset=\"https:\/\/cultura.sma.gob.ar\/wp-content\/uploads\/2021\/08\/expo-agosto_21-02-1024x1024.jpg 1024w, https:\/\/cultura.sma.gob.ar\/wp-content\/uploads\/2021\/08\/expo-agosto_21-02-300x300.jpg 300w, https:\/\/cultura.sma.gob.ar\/wp-content\/uploads\/2021\/08\/expo-agosto_21-02-150x150.jpg 150w, https:\/\/cultura.sma.gob.ar\/wp-content\/uploads\/2021\/08\/expo-agosto_21-02-768x768.jpg 768w, https:\/\/cultura.sma.gob.ar\/wp-content\/uploads\/2021\/08\/expo-agosto_21-02-1536x1536.jpg 1536w, https:\/\/cultura.sma.gob.ar\/wp-content\/uploads\/2021\/08\/expo-agosto_21-02-90x90.jpg 90w, https:\/\/cultura.sma.gob.ar\/wp-content\/uploads\/2021\/08\/expo-agosto_21-02.jpg 1875w\" sizes=\"auto, (max-width: 1024px) 100vw, 1024px\" \/><\/figure><\/li><li class=\"blocks-gallery-item\"><figure><img loading=\"lazy\" decoding=\"async\" width=\"1024\" height=\"1024\" src=\"http:\/\/cultura.sma.gob.ar\/wp-content\/uploads\/2021\/08\/expo-agosto_21-05-1024x1024.jpg\" alt=\"\" data-id=\"2029\" data-full-url=\"http:\/\/cultura.sma.gob.ar\/wp-content\/uploads\/2021\/08\/expo-agosto_21-05.jpg\" data-link=\"http:\/\/cultura.sma.gob.ar\/?attachment_id=2029\" class=\"wp-image-2029\" srcset=\"https:\/\/cultura.sma.gob.ar\/wp-content\/uploads\/2021\/08\/expo-agosto_21-05-1024x1024.jpg 1024w, https:\/\/cultura.sma.gob.ar\/wp-content\/uploads\/2021\/08\/expo-agosto_21-05-300x300.jpg 300w, https:\/\/cultura.sma.gob.ar\/wp-content\/uploads\/2021\/08\/expo-agosto_21-05-150x150.jpg 150w, https:\/\/cultura.sma.gob.ar\/wp-content\/uploads\/2021\/08\/expo-agosto_21-05-768x768.jpg 768w, https:\/\/cultura.sma.gob.ar\/wp-content\/uploads\/2021\/08\/expo-agosto_21-05-1536x1536.jpg 1536w, https:\/\/cultura.sma.gob.ar\/wp-content\/uploads\/2021\/08\/expo-agosto_21-05-90x90.jpg 90w, https:\/\/cultura.sma.gob.ar\/wp-content\/uploads\/2021\/08\/expo-agosto_21-05.jpg 1875w\" sizes=\"auto, (max-width: 1024px) 100vw, 1024px\" \/><\/figure><\/li><\/ul><\/figure>\n\n\n\n<p><strong>Expansiones, la naturaleza y el hombre &#8211; Laura Manino<\/strong><\/p>\n\n\n\n<p>La mirada dibujante se mezcla entre los patrones r\u00edtmicos de los \u00e1rboles, flores, agua y piedras. Re conoce all\u00ed una atm\u00f3sfera de informaci\u00f3n expresiva, una armon\u00eda que coloniza el espacio.<\/p>\n\n\n\n<p>La naturaleza se expande, sumida en su propio impulso vital. Devela en sus movimientos modelos repetitivos. Pero a veces ese flujo perpetuo es interrumpido, aparecen bloqueos en su caudal que es reemplazado por formas oscuras. Es el paisaje del hombre, la expansi\u00f3n del progreso. Ambos impulsos en choque, re dibujan la escena.<\/p>\n\n\n\n<p><strong>Refugio<\/strong><strong> &#8211; Laura Pires<\/strong><\/p>\n\n\n\n<p>Refugio es la posibilidad de habitar un sitio personal en el que nos sentimos cobijados. Todos tenemos nuestra peque\u00f1a construcci\u00f3n provisoria, una construcci\u00f3n temporal tan cambiante como nuestras necesidades o condiciones de existencia.<\/p>\n\n\n\n<p>Muchas veces lo que dio amparo puede volverse hostil y nos restablece, expuestos, a ambientes&nbsp; est\u00e9riles. Sin embrago lo permanente, que es el deseo de vida, sobrevive creando y reconstruyendo&nbsp; nuevos nidos a nuestra existencia.<\/p>\n\n\n\n<p><strong>Variaciones &#8211; Lucila Sol\u00e9<\/strong><\/p>\n\n\n\n<p>Dibujar es como dejar huellas de una acci\u00f3n sobre un soporte. Las variaciones de un mismo acto repetido devienen en estructuras que recuerdan a veces a tramas textiles, a veces a marcas del paso del tiempo, a estructuras \u00f3seas, agrupaciones de cosas vivas que crecen o se mueven en un mismo sentido.&nbsp;<\/p>\n\n\n\n<p>El sonido del agua en su fluencia marca un tiempo sin inicio ni t\u00e9rmino. En estas secuencias inestables hay algo que se reitera mostrando a la vez su lado cambiante. \u00bfD\u00f3nde comienzan las secuencias? \u00bfD\u00f3nde terminan? \u00bfHabr\u00e1 un orden?&nbsp;<\/p>\n\n\n\n<p>Variaciones nos habla de un tiempo abstra\u00eddo. Nos invita a unirnos a esas frecuencias, a acercar la mirada, a encontrar parentescos, relaciones. Y como un juego, reconocer que en lo que fluye, no hay principio ni final.<\/p>\n","protected":false},"excerpt":{"rendered":"<p>del 20 de agosto al 15 deseptiembre, con entrada libre y gratuita. <a href=\"https:\/\/cultura.sma.gob.ar\/?p=2026\" class=\"more-link\">Continue reading <span class=\"screen-reader-text\">Este viernes inaugura una nueva exposici\u00f3n en la Sala Lidaura Chapitel<\/span><\/a><\/p>\n","protected":false},"author":1,"featured_media":2029,"comment_status":"closed","ping_status":"","sticky":false,"template":"","format":"image","meta":{"footnotes":""},"categories":[6],"tags":[34,55],"class_list":["post-2026","post","type-post","status-publish","format-image","has-post-thumbnail","hentry","category-sala-lidaura-chapitel","tag-arte","tag-exposiciones","post_format-post-format-image"],"_links":{"self":[{"href":"https:\/\/cultura.sma.gob.ar\/index.php?rest_route=\/wp\/v2\/posts\/2026","targetHints":{"allow":["GET"]}}],"collection":[{"href":"https:\/\/cultura.sma.gob.ar\/index.php?rest_route=\/wp\/v2\/posts"}],"about":[{"href":"https:\/\/cultura.sma.gob.ar\/index.php?rest_route=\/wp\/v2\/types\/post"}],"author":[{"embeddable":true,"href":"https:\/\/cultura.sma.gob.ar\/index.php?rest_route=\/wp\/v2\/users\/1"}],"replies":[{"embeddable":true,"href":"https:\/\/cultura.sma.gob.ar\/index.php?rest_route=%2Fwp%2Fv2%2Fcomments&post=2026"}],"version-history":[{"count":1,"href":"https:\/\/cultura.sma.gob.ar\/index.php?rest_route=\/wp\/v2\/posts\/2026\/revisions"}],"predecessor-version":[{"id":2030,"href":"https:\/\/cultura.sma.gob.ar\/index.php?rest_route=\/wp\/v2\/posts\/2026\/revisions\/2030"}],"wp:featuredmedia":[{"embeddable":true,"href":"https:\/\/cultura.sma.gob.ar\/index.php?rest_route=\/wp\/v2\/media\/2029"}],"wp:attachment":[{"href":"https:\/\/cultura.sma.gob.ar\/index.php?rest_route=%2Fwp%2Fv2%2Fmedia&parent=2026"}],"wp:term":[{"taxonomy":"category","embeddable":true,"href":"https:\/\/cultura.sma.gob.ar\/index.php?rest_route=%2Fwp%2Fv2%2Fcategories&post=2026"},{"taxonomy":"post_tag","embeddable":true,"href":"https:\/\/cultura.sma.gob.ar\/index.php?rest_route=%2Fwp%2Fv2%2Ftags&post=2026"}],"curies":[{"name":"wp","href":"https:\/\/api.w.org\/{rel}","templated":true}]}}