{"id":2021,"date":"2021-08-13T15:19:54","date_gmt":"2021-08-13T18:19:54","guid":{"rendered":"http:\/\/cultura.sma.gob.ar\/?p=2021"},"modified":"2021-08-13T15:19:54","modified_gmt":"2021-08-13T18:19:54","slug":"monologos-teatro-por-la-identidad","status":"publish","type":"post","link":"https:\/\/cultura.sma.gob.ar\/?p=2021","title":{"rendered":"&#8220;Mon\u00f3logos&#8221; Teatro por la Identidad"},"content":{"rendered":"\n<p><strong>El pr\u00f3ximo 20 de Agosto\u00a0 a las 21 hs. en el\u00a0 Teatro San Jos\u00e9<\/strong><\/p>\n\n\n\n<p>EL COFRE Colectivo Art\u00edstico\u00a0 Presenta:<\/p>\n\n\n\n<p>\u201cMONOLOGOS\u201d TEATRO POR LA IDENTIDAD<br>&#8221; hay 300 personas que a\u00fan no pueden elegir vivir su propio personaje; actuar desde la&nbsp; identidad que la vida ten\u00eda para ellos e interpretan, sin saberlo, un libreto escrito por otros &#8221; &#8230; Mat\u00edas Darroux Mijalchuk, Nieto 130, presentaci\u00f3n Proyecto Escenas con Identidad C\u00f3rdoba, Julio 2021<\/p>\n\n\n\n<div class=\"wp-block-image\"><figure class=\"aligncenter size-large\"><img loading=\"lazy\" decoding=\"async\" width=\"500\" height=\"500\" src=\"http:\/\/cultura.sma.gob.ar\/wp-content\/uploads\/2021\/08\/WEB-.png\" alt=\"\" class=\"wp-image-2022\" srcset=\"https:\/\/cultura.sma.gob.ar\/wp-content\/uploads\/2021\/08\/WEB-.png 500w, https:\/\/cultura.sma.gob.ar\/wp-content\/uploads\/2021\/08\/WEB--300x300.png 300w, https:\/\/cultura.sma.gob.ar\/wp-content\/uploads\/2021\/08\/WEB--150x150.png 150w, https:\/\/cultura.sma.gob.ar\/wp-content\/uploads\/2021\/08\/WEB--90x90.png 90w\" sizes=\"auto, (max-width: 500px) 100vw, 500px\" \/><\/figure><\/div>\n\n\n\n<p>&#8220;SOY&#8221; CANCI\u00d3N&nbsp; de YAMAND\u00da &#8211; TABAR\u00c9 CARDOZO &#8211; Act\u00faa: Marian Taberniso<\/p>\n\n\n\n<p>&#8220;CUANDO VES PASAR EL TREN&#8221;&nbsp; de MALENA TYTELMAN &#8211; Act\u00faa: Esteban Garay<\/p>\n\n\n\n<p>&#8220;EL DEBUT&#8221; de GABRIEL GRAVES &#8211; Act\u00faa: Andr\u00e9s Archila<\/p>\n\n\n\n<p>&#8220;UNA ESTIRPE DE PETISAS&#8221; de PATRICIA ZANGARO &#8211; Act\u00faa:&nbsp; Claudia Lauscher<\/p>\n\n\n\n<p>M\u00daSICA EN VIVO\u00a0 \u00a0Gabriel Wilco y Milena L\u00b4Argentiere<br>DIRECCI\u00d3N: Celeste Contreras \/ ASISTENCIA DE DIRECCI\u00d3N: Claudia Lauscher \/ LUCES Y T\u00c9CNICA: Rodolfo Marino \/ FOTOGRAF\u00cdA FIJA:\u00a0 Mariana Taberniso, Claudia Fresnedo \/ DISE\u00d1O, GRAFICA Y COMUNICACI\u00d3N:\u00a0 \u00a0Ana Albornoz, Micaela Herz \/ REALIZACI\u00d3N AUDIOVISUAL: Esteban Garay, Andr\u00e9s Archila, Pablo Cala \/ ESCENOGRAF\u00cdA Y VESTUARIO: El Cofre<\/p>\n\n\n\n<p>Entrada a la Gorra &#8211; Butacas limitadas por protocolo<\/p>\n\n\n\n<p>Reserva Anticipada +54 9 294 441-4446<\/p>\n\n\n\n<p>El Cofre agradece a\u00a0 Teatro San Jos\u00e9, El Piccolo, Radio Comunitaria FM Pocahullo, Artefactum<\/p>\n","protected":false},"excerpt":{"rendered":"<p>El pr\u00f3ximo 20 de Agosto\u00a0 a las 21 hs. en el\u00a0 Teatro San Jos\u00e9 EL COFRE Colectivo Art\u00edstico\u00a0 Presenta: \u201cMONOLOGOS\u201d TEATRO POR LA IDENTIDAD&#8221; hay 300 personas que a\u00fan no pueden elegir vivir su propio personaje; actuar desde la&nbsp; identidad que la vida ten\u00eda para ellos e interpretan, sin saberlo, un libreto escrito por otros &#8221; &#8230; Mat\u00edas Darroux Mijalchuk, Nieto 130, presentaci\u00f3n Proyecto Escenas &hellip; <a href=\"https:\/\/cultura.sma.gob.ar\/?p=2021\" class=\"more-link\">Continue reading <span class=\"screen-reader-text\">&#8220;Mon\u00f3logos&#8221; Teatro por la Identidad<\/span><\/a><\/p>\n","protected":false},"author":1,"featured_media":2023,"comment_status":"closed","ping_status":"","sticky":false,"template":"","format":"image","meta":{"footnotes":""},"categories":[2,8],"tags":[46],"class_list":["post-2021","post","type-post","status-publish","format-image","has-post-thumbnail","hentry","category-ciudad-cultural","category-teatro-san-jose","tag-teatro","post_format-post-format-image"],"_links":{"self":[{"href":"https:\/\/cultura.sma.gob.ar\/index.php?rest_route=\/wp\/v2\/posts\/2021","targetHints":{"allow":["GET"]}}],"collection":[{"href":"https:\/\/cultura.sma.gob.ar\/index.php?rest_route=\/wp\/v2\/posts"}],"about":[{"href":"https:\/\/cultura.sma.gob.ar\/index.php?rest_route=\/wp\/v2\/types\/post"}],"author":[{"embeddable":true,"href":"https:\/\/cultura.sma.gob.ar\/index.php?rest_route=\/wp\/v2\/users\/1"}],"replies":[{"embeddable":true,"href":"https:\/\/cultura.sma.gob.ar\/index.php?rest_route=%2Fwp%2Fv2%2Fcomments&post=2021"}],"version-history":[{"count":1,"href":"https:\/\/cultura.sma.gob.ar\/index.php?rest_route=\/wp\/v2\/posts\/2021\/revisions"}],"predecessor-version":[{"id":2024,"href":"https:\/\/cultura.sma.gob.ar\/index.php?rest_route=\/wp\/v2\/posts\/2021\/revisions\/2024"}],"wp:featuredmedia":[{"embeddable":true,"href":"https:\/\/cultura.sma.gob.ar\/index.php?rest_route=\/wp\/v2\/media\/2023"}],"wp:attachment":[{"href":"https:\/\/cultura.sma.gob.ar\/index.php?rest_route=%2Fwp%2Fv2%2Fmedia&parent=2021"}],"wp:term":[{"taxonomy":"category","embeddable":true,"href":"https:\/\/cultura.sma.gob.ar\/index.php?rest_route=%2Fwp%2Fv2%2Fcategories&post=2021"},{"taxonomy":"post_tag","embeddable":true,"href":"https:\/\/cultura.sma.gob.ar\/index.php?rest_route=%2Fwp%2Fv2%2Ftags&post=2021"}],"curies":[{"name":"wp","href":"https:\/\/api.w.org\/{rel}","templated":true}]}}