{"id":2018,"date":"2021-08-13T11:28:50","date_gmt":"2021-08-13T14:28:50","guid":{"rendered":"http:\/\/cultura.sma.gob.ar\/?p=2018"},"modified":"2021-08-13T11:28:50","modified_gmt":"2021-08-13T14:28:50","slug":"13-entidades-locales-participan-en-la-organizacion-de-la-proxima-feria-regional-del-libro","status":"publish","type":"post","link":"https:\/\/cultura.sma.gob.ar\/?p=2018","title":{"rendered":"13 entidades locales participan en la organizaci\u00f3n de la pr\u00f3xima Feria Regional del Libro"},"content":{"rendered":"\n<p>Durante la tarde de ayer se desarroll\u00f3 la segunda reuni\u00f3n de la Comisi\u00f3n Organizadora de la Feria Regional del Libro, que qued\u00f3 conformada por 13 entidades y personas vinculadas al libro y la lectura. Esta comisi\u00f3n es resultado de la Reglamentaci\u00f3n de la Ordenanza 10615, del a\u00f1o 2015.<\/p>\n\n\n\n<p>Este a\u00f1o participan en la Comisi\u00f3n las siguientes entidades y personas: Secretar\u00eda Municipal de Cultura, Biblioteca Popular La Cascada, Biblioteca Popular 9 de julio, Biblioteca Popular Ruca Trabun, Biblioteca Especializada del Parque Nacional Lan\u00edn, Profesorado de Lengua y Literatura del ISFD N\u00b0 3, Centro Editor Municipal, Librer\u00eda La Grieta, Librer\u00eda Mythos, Ediciones De La&nbsp; Grieta, La Palestra Ediciones, Biblioteca Mario Gentili de la Universidad del Comahue y una representante de las escritoras y escritores locales.<\/p>\n\n\n\n<p>Por otra parte, vecinas y vecinos que quieran sumarse al trabajo de alguna de las subcomisiones pueden hacerlo comunic\u00e1ndose con la Secretar\u00eda de Cultura, a trav\u00e9s del mail <a href=\"mailto:feriadellibro@smandes.gov.ar\">feriadellibro@smandes.gov.ar<\/a>&nbsp;&nbsp;<\/p>\n\n\n\n<p>La pr\u00f3xima edici\u00f3n de la Feria se realizar\u00e1 del 10 al 17 de octubre. La Comisi\u00f3n Organizadora definir\u00e1 el programa de actividades y la disposici\u00f3n del espacio expositivo, entre otras tareas.&nbsp;<\/p>\n\n\n\n<p>De este modo la Secretar\u00eda de Cultura promueve y garantiza la participaci\u00f3n ciudadana, para que la Feria Regional del Libro siga siendo un evento de construcci\u00f3n comunitaria.<\/p>\n","protected":false},"excerpt":{"rendered":"<p>Durante la tarde de ayer se desarroll\u00f3 la segunda reuni\u00f3n de la Comisi\u00f3n Organizadora de la Feria Regional del Libro, que qued\u00f3 conformada por 13 entidades y personas vinculadas al libro y la lectura.  <a href=\"https:\/\/cultura.sma.gob.ar\/?p=2018\" class=\"more-link\">Continue reading <span class=\"screen-reader-text\">13 entidades locales participan en la organizaci\u00f3n de la pr\u00f3xima Feria Regional del Libro<\/span><\/a><\/p>\n","protected":false},"author":1,"featured_media":2019,"comment_status":"closed","ping_status":"","sticky":false,"template":"","format":"image","meta":{"footnotes":""},"categories":[3,9],"tags":[67],"class_list":["post-2018","post","type-post","status-publish","format-image","has-post-thumbnail","hentry","category-eventos-cultura","category-ultimas-noticias","tag-feria-del-libro","post_format-post-format-image"],"_links":{"self":[{"href":"https:\/\/cultura.sma.gob.ar\/index.php?rest_route=\/wp\/v2\/posts\/2018","targetHints":{"allow":["GET"]}}],"collection":[{"href":"https:\/\/cultura.sma.gob.ar\/index.php?rest_route=\/wp\/v2\/posts"}],"about":[{"href":"https:\/\/cultura.sma.gob.ar\/index.php?rest_route=\/wp\/v2\/types\/post"}],"author":[{"embeddable":true,"href":"https:\/\/cultura.sma.gob.ar\/index.php?rest_route=\/wp\/v2\/users\/1"}],"replies":[{"embeddable":true,"href":"https:\/\/cultura.sma.gob.ar\/index.php?rest_route=%2Fwp%2Fv2%2Fcomments&post=2018"}],"version-history":[{"count":1,"href":"https:\/\/cultura.sma.gob.ar\/index.php?rest_route=\/wp\/v2\/posts\/2018\/revisions"}],"predecessor-version":[{"id":2020,"href":"https:\/\/cultura.sma.gob.ar\/index.php?rest_route=\/wp\/v2\/posts\/2018\/revisions\/2020"}],"wp:featuredmedia":[{"embeddable":true,"href":"https:\/\/cultura.sma.gob.ar\/index.php?rest_route=\/wp\/v2\/media\/2019"}],"wp:attachment":[{"href":"https:\/\/cultura.sma.gob.ar\/index.php?rest_route=%2Fwp%2Fv2%2Fmedia&parent=2018"}],"wp:term":[{"taxonomy":"category","embeddable":true,"href":"https:\/\/cultura.sma.gob.ar\/index.php?rest_route=%2Fwp%2Fv2%2Fcategories&post=2018"},{"taxonomy":"post_tag","embeddable":true,"href":"https:\/\/cultura.sma.gob.ar\/index.php?rest_route=%2Fwp%2Fv2%2Ftags&post=2018"}],"curies":[{"name":"wp","href":"https:\/\/api.w.org\/{rel}","templated":true}]}}