{"id":2013,"date":"2021-08-12T09:06:15","date_gmt":"2021-08-12T12:06:15","guid":{"rendered":"http:\/\/cultura.sma.gob.ar\/?p=2013"},"modified":"2021-08-12T09:06:15","modified_gmt":"2021-08-12T12:06:15","slug":"clases-de-piano-y-musica-por-emanuel-hermosilla","status":"publish","type":"post","link":"https:\/\/cultura.sma.gob.ar\/?p=2013","title":{"rendered":"Clases de piano y m\u00fasica por Emanuel Hermosilla"},"content":{"rendered":"\n<figure class=\"wp-block-image size-large\"><img loading=\"lazy\" decoding=\"async\" width=\"819\" height=\"1024\" src=\"http:\/\/cultura.sma.gob.ar\/wp-content\/uploads\/2021\/08\/WhatsApp-Image-2021-08-09-at-12.40.17-PM-819x1024.jpeg\" alt=\"\" class=\"wp-image-2014\" srcset=\"https:\/\/cultura.sma.gob.ar\/wp-content\/uploads\/2021\/08\/WhatsApp-Image-2021-08-09-at-12.40.17-PM-819x1024.jpeg 819w, https:\/\/cultura.sma.gob.ar\/wp-content\/uploads\/2021\/08\/WhatsApp-Image-2021-08-09-at-12.40.17-PM-240x300.jpeg 240w, https:\/\/cultura.sma.gob.ar\/wp-content\/uploads\/2021\/08\/WhatsApp-Image-2021-08-09-at-12.40.17-PM-768x960.jpeg 768w, https:\/\/cultura.sma.gob.ar\/wp-content\/uploads\/2021\/08\/WhatsApp-Image-2021-08-09-at-12.40.17-PM-72x90.jpeg 72w, https:\/\/cultura.sma.gob.ar\/wp-content\/uploads\/2021\/08\/WhatsApp-Image-2021-08-09-at-12.40.17-PM.jpeg 933w\" sizes=\"auto, (max-width: 819px) 100vw, 819px\" \/><\/figure>\n\n\n\n<p>Estoy dando clases particulares de Piano y m\u00fasica en gral.. en San Martin (zona centro) o de modo Virtual. Armon\u00eda , r\u00edtmica , improvisaci\u00f3n , repertorio etc! Si sabes de alguien que quiera comenzar a tocar o profundizar m\u00e1s en sus conocimientos musicales, avisale!<\/p>\n","protected":false},"excerpt":{"rendered":"<p>Estoy dando clases particulares de Piano y m\u00fasica en gral.. en San Martin (zona centro) o de modo Virtual. Armon\u00eda , r\u00edtmica , improvisaci\u00f3n , repertorio etc! Si sabes de alguien que quiera comenzar a tocar o profundizar m\u00e1s en sus conocimientos musicales, avisale! <a href=\"https:\/\/cultura.sma.gob.ar\/?p=2013\" class=\"more-link\">Continue reading <span class=\"screen-reader-text\">Clases de piano y m\u00fasica por Emanuel Hermosilla<\/span><\/a><\/p>\n","protected":false},"author":1,"featured_media":297,"comment_status":"closed","ping_status":"","sticky":false,"template":"","format":"image","meta":{"footnotes":""},"categories":[2],"tags":[],"class_list":["post-2013","post","type-post","status-publish","format-image","has-post-thumbnail","hentry","category-ciudad-cultural","post_format-post-format-image"],"_links":{"self":[{"href":"https:\/\/cultura.sma.gob.ar\/index.php?rest_route=\/wp\/v2\/posts\/2013","targetHints":{"allow":["GET"]}}],"collection":[{"href":"https:\/\/cultura.sma.gob.ar\/index.php?rest_route=\/wp\/v2\/posts"}],"about":[{"href":"https:\/\/cultura.sma.gob.ar\/index.php?rest_route=\/wp\/v2\/types\/post"}],"author":[{"embeddable":true,"href":"https:\/\/cultura.sma.gob.ar\/index.php?rest_route=\/wp\/v2\/users\/1"}],"replies":[{"embeddable":true,"href":"https:\/\/cultura.sma.gob.ar\/index.php?rest_route=%2Fwp%2Fv2%2Fcomments&post=2013"}],"version-history":[{"count":1,"href":"https:\/\/cultura.sma.gob.ar\/index.php?rest_route=\/wp\/v2\/posts\/2013\/revisions"}],"predecessor-version":[{"id":2015,"href":"https:\/\/cultura.sma.gob.ar\/index.php?rest_route=\/wp\/v2\/posts\/2013\/revisions\/2015"}],"wp:featuredmedia":[{"embeddable":true,"href":"https:\/\/cultura.sma.gob.ar\/index.php?rest_route=\/wp\/v2\/media\/297"}],"wp:attachment":[{"href":"https:\/\/cultura.sma.gob.ar\/index.php?rest_route=%2Fwp%2Fv2%2Fmedia&parent=2013"}],"wp:term":[{"taxonomy":"category","embeddable":true,"href":"https:\/\/cultura.sma.gob.ar\/index.php?rest_route=%2Fwp%2Fv2%2Fcategories&post=2013"},{"taxonomy":"post_tag","embeddable":true,"href":"https:\/\/cultura.sma.gob.ar\/index.php?rest_route=%2Fwp%2Fv2%2Ftags&post=2013"}],"curies":[{"name":"wp","href":"https:\/\/api.w.org\/{rel}","templated":true}]}}