{"id":2002,"date":"2021-08-09T09:19:12","date_gmt":"2021-08-09T12:19:12","guid":{"rendered":"http:\/\/cultura.sma.gob.ar\/?p=2002"},"modified":"2021-08-09T09:19:12","modified_gmt":"2021-08-09T12:19:12","slug":"antu-nueva-presentacion-del-ciclo-mu-sa-en-el-centro-cultural-cotesma","status":"publish","type":"post","link":"https:\/\/cultura.sma.gob.ar\/?p=2002","title":{"rendered":"&#8220;Antu&#8221;: nueva presentaci\u00f3n del ciclo Mu.Sa en el Centro Cultural Cotesma"},"content":{"rendered":"\n<figure class=\"wp-block-image size-large\"><img loading=\"lazy\" decoding=\"async\" width=\"1017\" height=\"1024\" src=\"http:\/\/cultura.sma.gob.ar\/wp-content\/uploads\/2021\/08\/Flyer-ANTU-Banda-1017x1024.jpg\" alt=\"\" class=\"wp-image-2003\" srcset=\"https:\/\/cultura.sma.gob.ar\/wp-content\/uploads\/2021\/08\/Flyer-ANTU-Banda-1017x1024.jpg 1017w, https:\/\/cultura.sma.gob.ar\/wp-content\/uploads\/2021\/08\/Flyer-ANTU-Banda-298x300.jpg 298w, https:\/\/cultura.sma.gob.ar\/wp-content\/uploads\/2021\/08\/Flyer-ANTU-Banda-150x150.jpg 150w, https:\/\/cultura.sma.gob.ar\/wp-content\/uploads\/2021\/08\/Flyer-ANTU-Banda-768x773.jpg 768w, https:\/\/cultura.sma.gob.ar\/wp-content\/uploads\/2021\/08\/Flyer-ANTU-Banda-89x90.jpg 89w, https:\/\/cultura.sma.gob.ar\/wp-content\/uploads\/2021\/08\/Flyer-ANTU-Banda.jpg 1271w\" sizes=\"auto, (max-width: 1017px) 100vw, 1017px\" \/><\/figure>\n\n\n\n<p>El pr\u00f3ximo viernes, 20 de agosto a las 21hs en la Sala AMankay del Centro Cultural Cotesma continuamos disfrutando lo mejor de la m\u00fasica de la mano del Ciclo Mu.Sa. En esta oportunidad es el turno \u201cANTU\u201d, un grupo que se form\u00f3 en San Mart\u00edn de los Andes, Neuqu\u00e9n Patagonia Argentina en el a\u00f1o 1997 con el fin de difundir la m\u00fasica de ra\u00edz argentina.<br><br>Conformada en un principio con m\u00fasicos diferentes a los que integran la formaci\u00f3n actual, el grupo busc\u00f3 siempre una identidad a partir del mestizo o aborigen fusionado con el jazz rock.<br><br>Hoy integran el grupo Kevin Rodr\u00edguez en percusi\u00f3n, m\u00fasico nacido en La Plata dedicado plenamente al jazz, rock y folklore, que ha podido recopilar y fusionar muy bien estos g\u00e9neros; Agust\u00edn Gonz\u00e1lez, nacido en Buenos Aires, en guitarra y charango, es profesor de guitarra cl\u00e1sica y folkl\u00f3rica, se dedic\u00f3 a los g\u00e9neros de tango, folklore, cl\u00e1sico; Fernando Formigo, profesor de flauta traversa y aer\u00f3fonos andinos, dedicado a los mismos g\u00e9neros que , incorporando todos los aer\u00f3fonos a su instrumentaci\u00f3n, tanto los coyas como los mapuches, y Milo Levang de Comodoro Rivadavia en bajo el\u00e9ctrico, amplia trayectoria en varios g\u00e9neros musicales pero especializado en jazz fusi\u00f3n.<br><br>Antu tiene grabados tres CD en los que interpreta temas propios y ajenos, bas\u00e1ndose en los valores que rigen los patrones de la m\u00fasica argentina y aportando la propia formaci\u00f3n cultural heredada, el primer CD \u201cAntu M\u00fasica de ra\u00edz Andina\u201d, el segundo CD \u201cAlturas\u201d y su \u00faltimo y tercer CD \u201cPaisajes\u201d, dejando su sello de grupo fusi\u00f3n de ra\u00edz andina.<br>En el a\u00f1o 2018 publicaron 2 videoclip subsidiados por el Instituto Nacional de la M\u00fasica\/INAMU, tema el caminante de Agust\u00edn Gonz\u00e1lez y Caleuche de Fernando Formigo.<br>Durante el a\u00f1o 2020 fueron elegidos para el programa nacional M\u00fasicas Esenciales con la selecci\u00f3n de 3 videoclips que se difundir\u00e1n a nivel naci\u00f3n compartiendo con todos los seleccionados de todas las provincias argentinas.<\/p>\n\n\n\n<p>Entradas en venta en la boleteria del Centro Cultural.<\/p>\n","protected":false},"excerpt":{"rendered":"<p>Viernes 20 de agosto a las 21hs en la Sala Amankay. <a href=\"https:\/\/cultura.sma.gob.ar\/?p=2002\" class=\"more-link\">Continue reading <span class=\"screen-reader-text\">&#8220;Antu&#8221;: nueva presentaci\u00f3n del ciclo Mu.Sa en el Centro Cultural Cotesma<\/span><\/a><\/p>\n","protected":false},"author":1,"featured_media":297,"comment_status":"closed","ping_status":"","sticky":false,"template":"","format":"image","meta":{"footnotes":""},"categories":[2],"tags":[66],"class_list":["post-2002","post","type-post","status-publish","format-image","has-post-thumbnail","hentry","category-ciudad-cultural","tag-musica-en-vivo","post_format-post-format-image"],"_links":{"self":[{"href":"https:\/\/cultura.sma.gob.ar\/index.php?rest_route=\/wp\/v2\/posts\/2002","targetHints":{"allow":["GET"]}}],"collection":[{"href":"https:\/\/cultura.sma.gob.ar\/index.php?rest_route=\/wp\/v2\/posts"}],"about":[{"href":"https:\/\/cultura.sma.gob.ar\/index.php?rest_route=\/wp\/v2\/types\/post"}],"author":[{"embeddable":true,"href":"https:\/\/cultura.sma.gob.ar\/index.php?rest_route=\/wp\/v2\/users\/1"}],"replies":[{"embeddable":true,"href":"https:\/\/cultura.sma.gob.ar\/index.php?rest_route=%2Fwp%2Fv2%2Fcomments&post=2002"}],"version-history":[{"count":1,"href":"https:\/\/cultura.sma.gob.ar\/index.php?rest_route=\/wp\/v2\/posts\/2002\/revisions"}],"predecessor-version":[{"id":2004,"href":"https:\/\/cultura.sma.gob.ar\/index.php?rest_route=\/wp\/v2\/posts\/2002\/revisions\/2004"}],"wp:featuredmedia":[{"embeddable":true,"href":"https:\/\/cultura.sma.gob.ar\/index.php?rest_route=\/wp\/v2\/media\/297"}],"wp:attachment":[{"href":"https:\/\/cultura.sma.gob.ar\/index.php?rest_route=%2Fwp%2Fv2%2Fmedia&parent=2002"}],"wp:term":[{"taxonomy":"category","embeddable":true,"href":"https:\/\/cultura.sma.gob.ar\/index.php?rest_route=%2Fwp%2Fv2%2Fcategories&post=2002"},{"taxonomy":"post_tag","embeddable":true,"href":"https:\/\/cultura.sma.gob.ar\/index.php?rest_route=%2Fwp%2Fv2%2Ftags&post=2002"}],"curies":[{"name":"wp","href":"https:\/\/api.w.org\/{rel}","templated":true}]}}