{"id":1999,"date":"2021-08-09T09:13:35","date_gmt":"2021-08-09T12:13:35","guid":{"rendered":"http:\/\/cultura.sma.gob.ar\/?p=1999"},"modified":"2021-08-09T09:13:35","modified_gmt":"2021-08-09T12:13:35","slug":"noche-de-embrujo-folklore-con-amigos-en-la-sala-amankay","status":"publish","type":"post","link":"https:\/\/cultura.sma.gob.ar\/?p=1999","title":{"rendered":"Noche de Embrujo: folklore con amigos en la Sala Amankay"},"content":{"rendered":"\n<figure class=\"wp-block-image size-large\"><img loading=\"lazy\" decoding=\"async\" width=\"733\" height=\"1024\" src=\"http:\/\/cultura.sma.gob.ar\/wp-content\/uploads\/2021\/08\/Flyer-Embrujo-733x1024.jpg\" alt=\"\" class=\"wp-image-2000\" srcset=\"https:\/\/cultura.sma.gob.ar\/wp-content\/uploads\/2021\/08\/Flyer-Embrujo-733x1024.jpg 733w, https:\/\/cultura.sma.gob.ar\/wp-content\/uploads\/2021\/08\/Flyer-Embrujo-215x300.jpg 215w, https:\/\/cultura.sma.gob.ar\/wp-content\/uploads\/2021\/08\/Flyer-Embrujo-768x1073.jpg 768w, https:\/\/cultura.sma.gob.ar\/wp-content\/uploads\/2021\/08\/Flyer-Embrujo-64x90.jpg 64w, https:\/\/cultura.sma.gob.ar\/wp-content\/uploads\/2021\/08\/Flyer-Embrujo.jpg 893w\" sizes=\"auto, (max-width: 733px) 100vw, 733px\" \/><\/figure>\n\n\n\n<p>El pr\u00f3ximo viernes, 27 de agosto a las 20hs, y el s\u00e1bado 28 de agosto a las 21hs, llega \u201cNOCHES DE EMBRUJO\u201d a nuestra querida Sala Amankay.<br><br>En esta ocasi\u00f3n el grupo folcl\u00f3rico local, Embrujo celebrando sus 11 a\u00f1os de vida, los invita a una noche de danza y m\u00fasica folcl\u00f3rica.<br>Es una excelente excusa para reencontrarnos haciendole pata ancha a esta etapa dif\u00edcil que se vive. \u201cEmbrujo\u201d estar\u00e1 acompa\u00f1ado de grandes amigos, tales como los \u201cSincopados\u201d y el \u201cD\u00fao Olavarria\u201d (Bariloche).<\/p>\n\n\n\n<p>SINCOPADOS<br>Se encontraron en la infancia bailando folklore participando en diferentes escenarios de Jun\u00edn de los Andes y alrededores. Con tan s\u00f3lo 8 a\u00f1os participaron del noveno certamen de danzas folcl\u00f3ricas en Nueva Imperial Chile. Amistad que perdura en el tiempo para luego formar el ensamble Musical Instrumental Sincopados.<br>M\u00fasica de vanguardia incursionando en el tango, folklore y chamam\u00e9.<br>A pesar del poco recorrido fueron llegando los reconocimientos de grandes artistas Nacionales, como Los hermanos N\u00fa\u00f1ez (Misiones),\u00a0Osvaldo Waldemar lagos (M\u00fasico de Alfredo Pitarrosa e hijo del payador Uruguayo Waldemar Lagos) El Chaque\u00f1o Palavecino (Salta), German Fratarcangelli (Rosario &#8211; Santa Fe) Daniel Gim\u00e9nez (Corrientes) Diego Arolfo (Cantautor de Coronda Santa Fe), Las Hermanas Vera (Caa Cat\u00ed Corrientes).<br>Proyecto con plataforma Sonora de Acorde\u00f3n y Guitarra Criolla.<br>M\u00fasica para Escuchar, compartir y sentir&#8230;<br>Son Sincopados: Gonzalo Zalazar (Guitarra) Juli\u00e1n (Acorde\u00f3n)<\/p>\n\n\n\n<p>D\u00daO OLAVARRIA<br>Rub\u00e9n Olavarr\u00eda, m\u00fasico de trayectoria local, nacional e internacional. Creador de las guitarras de Bariloche, con la que represent\u00f3 a la ciudad acompa\u00f1ando a m\u00fasicos de renombre como Argentino Luna, Jorge Valdez, Roberto Ayala, entre otros. Ejecutor de la guitarra tanto en folclore como en tango. Profesor id\u00f3neo de guitarra con un sistema propio de ense\u00f1anza. Participo en distintos festivales de la provincia de Rio Negro, Chubut, Santa Cruz y Buenos Aires, integrando distintos conjuntos, como as\u00ed tambi\u00e9n en el pa\u00eds vecino de Chile. Participo junto a su hijo del Festival Internacional de M\u00fasica AFLA, edici\u00f3n 2020, donde fueron reconocidos.<br>En esta ocasi\u00f3n Rub\u00e9n y Javier Olavarr\u00eda, traer\u00e1n un amplio repertorio musical ejecutando sus guitarras.<\/p>\n\n\n\n<p>GRUPO FOLCLORICO EMBRUJO<br>Nace en el a\u00f1o 2010, participando en numerosas presentaciones locales, nacionales e internacionales. Organizadores del encuentro folcl\u00f3rico latinoamericano \u201cBorrando Fronteras\u201d.<br>Siempre intentando buscar la forma de contar alguna historia mientras se recorren distintas danzas folcl\u00f3ricas. En esta ocasi\u00f3n estrenando un cuadro con ritmo de malambo.<\/p>\n\n\n\n<p>Entrada General $300, en venta en la boleteria del Centro Cultural.- Cupos Limitados.-<\/p>\n","protected":false},"excerpt":{"rendered":"<p>Viernes 27, a las 20hs y s\u00e1bado 28 de agosto, a las 21hs. <a href=\"https:\/\/cultura.sma.gob.ar\/?p=1999\" class=\"more-link\">Continue reading <span class=\"screen-reader-text\">Noche de Embrujo: folklore con amigos en la Sala Amankay<\/span><\/a><\/p>\n","protected":false},"author":1,"featured_media":297,"comment_status":"closed","ping_status":"","sticky":false,"template":"","format":"image","meta":{"footnotes":""},"categories":[2],"tags":[66],"class_list":["post-1999","post","type-post","status-publish","format-image","has-post-thumbnail","hentry","category-ciudad-cultural","tag-musica-en-vivo","post_format-post-format-image"],"_links":{"self":[{"href":"https:\/\/cultura.sma.gob.ar\/index.php?rest_route=\/wp\/v2\/posts\/1999","targetHints":{"allow":["GET"]}}],"collection":[{"href":"https:\/\/cultura.sma.gob.ar\/index.php?rest_route=\/wp\/v2\/posts"}],"about":[{"href":"https:\/\/cultura.sma.gob.ar\/index.php?rest_route=\/wp\/v2\/types\/post"}],"author":[{"embeddable":true,"href":"https:\/\/cultura.sma.gob.ar\/index.php?rest_route=\/wp\/v2\/users\/1"}],"replies":[{"embeddable":true,"href":"https:\/\/cultura.sma.gob.ar\/index.php?rest_route=%2Fwp%2Fv2%2Fcomments&post=1999"}],"version-history":[{"count":1,"href":"https:\/\/cultura.sma.gob.ar\/index.php?rest_route=\/wp\/v2\/posts\/1999\/revisions"}],"predecessor-version":[{"id":2001,"href":"https:\/\/cultura.sma.gob.ar\/index.php?rest_route=\/wp\/v2\/posts\/1999\/revisions\/2001"}],"wp:featuredmedia":[{"embeddable":true,"href":"https:\/\/cultura.sma.gob.ar\/index.php?rest_route=\/wp\/v2\/media\/297"}],"wp:attachment":[{"href":"https:\/\/cultura.sma.gob.ar\/index.php?rest_route=%2Fwp%2Fv2%2Fmedia&parent=1999"}],"wp:term":[{"taxonomy":"category","embeddable":true,"href":"https:\/\/cultura.sma.gob.ar\/index.php?rest_route=%2Fwp%2Fv2%2Fcategories&post=1999"},{"taxonomy":"post_tag","embeddable":true,"href":"https:\/\/cultura.sma.gob.ar\/index.php?rest_route=%2Fwp%2Fv2%2Ftags&post=1999"}],"curies":[{"name":"wp","href":"https:\/\/api.w.org\/{rel}","templated":true}]}}