{"id":1990,"date":"2021-08-05T09:46:11","date_gmt":"2021-08-05T12:46:11","guid":{"rendered":"http:\/\/cultura.sma.gob.ar\/?p=1990"},"modified":"2021-08-05T09:46:11","modified_gmt":"2021-08-05T12:46:11","slug":"creadores-3-anabela-falconi","status":"publish","type":"post","link":"https:\/\/cultura.sma.gob.ar\/?p=1990","title":{"rendered":"Creadores 3 &#8211; Anabela Falconi"},"content":{"rendered":"\n<p>Tras haber compartido con ustedes los do primeros episodios, estrenados con gran \u00e9xito, nos anticipamos a lo que ser\u00e1 el cap\u00edtulo 3 de esta serie de unitarios producidos por la Secretar\u00eda de Cultura. Creadores busca retratar el proceso creativo y la intimidad de la relaci\u00f3n que cada uno de estos artistas tiene con su propio arte.<\/p>\n\n\n\n<p>En esta tercer entrega, que se estrenar\u00e1 el pr\u00f3ximo jueves 12 de agosto a las 18hs, podremos conocer a Anabela Falconi, joven ilustradora y dise\u00f1adora gr\u00e1fica, adem\u00e1s de una gran tatuadora. Su recorrido, su inspiraci\u00f3n, las fuentes que mueven su arte, quedan retratadas a trav\u00e9s de su voz. <\/p>\n\n\n\n<div class=\"wp-block-image\"><figure class=\"aligncenter size-large\"><img loading=\"lazy\" decoding=\"async\" width=\"467\" height=\"700\" src=\"http:\/\/cultura.sma.gob.ar\/wp-content\/uploads\/2021\/08\/IMG-20210804-WA0017.jpg\" alt=\"\" class=\"wp-image-1991\" srcset=\"https:\/\/cultura.sma.gob.ar\/wp-content\/uploads\/2021\/08\/IMG-20210804-WA0017.jpg 467w, https:\/\/cultura.sma.gob.ar\/wp-content\/uploads\/2021\/08\/IMG-20210804-WA0017-200x300.jpg 200w, https:\/\/cultura.sma.gob.ar\/wp-content\/uploads\/2021\/08\/IMG-20210804-WA0017-60x90.jpg 60w\" sizes=\"auto, (max-width: 467px) 100vw, 467px\" \/><\/figure><\/div>\n\n\n\n<p>Adem\u00e1s de abrir las puertas de su lugar de trabajo, su espacio de creaci\u00f3n, Ana cuenta como eligi\u00f3 la t\u00e9cnica que prefiere para desarrollar todas sus ilustraciones y c\u00f3mo vive el recorrido de su arte, la permanencia de esas creaciones en la piel de otros.<\/p>\n\n\n\n<p>Creadores es una serie de entrevistas compuestas por cuatro episodios a estrenarse de fora quicenal. Busca no solo conocer el proyecto art\u00edstico sino a la persona detr\u00e1s del arte, su espacio de trabajo, su inspiraci\u00f3n y el camino recorrido para que esa creaci\u00f3n sea posible. La intimidad y la cercan\u00eda hacen que podamos conocerla a trav\u00e9s de sus propios ojos.  <\/p>\n","protected":false},"excerpt":{"rendered":"<p>Jueves 12 a las 18hs por YouTube <a href=\"https:\/\/cultura.sma.gob.ar\/?p=1990\" class=\"more-link\">Continue reading <span class=\"screen-reader-text\">Creadores 3 &#8211; Anabela Falconi<\/span><\/a><\/p>\n","protected":false},"author":1,"featured_media":1992,"comment_status":"closed","ping_status":"","sticky":false,"template":"","format":"image","meta":{"footnotes":""},"categories":[6],"tags":[57,65],"class_list":["post-1990","post","type-post","status-publish","format-image","has-post-thumbnail","hentry","category-sala-lidaura-chapitel","tag-creadores","tag-estreno","post_format-post-format-image"],"_links":{"self":[{"href":"https:\/\/cultura.sma.gob.ar\/index.php?rest_route=\/wp\/v2\/posts\/1990","targetHints":{"allow":["GET"]}}],"collection":[{"href":"https:\/\/cultura.sma.gob.ar\/index.php?rest_route=\/wp\/v2\/posts"}],"about":[{"href":"https:\/\/cultura.sma.gob.ar\/index.php?rest_route=\/wp\/v2\/types\/post"}],"author":[{"embeddable":true,"href":"https:\/\/cultura.sma.gob.ar\/index.php?rest_route=\/wp\/v2\/users\/1"}],"replies":[{"embeddable":true,"href":"https:\/\/cultura.sma.gob.ar\/index.php?rest_route=%2Fwp%2Fv2%2Fcomments&post=1990"}],"version-history":[{"count":1,"href":"https:\/\/cultura.sma.gob.ar\/index.php?rest_route=\/wp\/v2\/posts\/1990\/revisions"}],"predecessor-version":[{"id":1993,"href":"https:\/\/cultura.sma.gob.ar\/index.php?rest_route=\/wp\/v2\/posts\/1990\/revisions\/1993"}],"wp:featuredmedia":[{"embeddable":true,"href":"https:\/\/cultura.sma.gob.ar\/index.php?rest_route=\/wp\/v2\/media\/1992"}],"wp:attachment":[{"href":"https:\/\/cultura.sma.gob.ar\/index.php?rest_route=%2Fwp%2Fv2%2Fmedia&parent=1990"}],"wp:term":[{"taxonomy":"category","embeddable":true,"href":"https:\/\/cultura.sma.gob.ar\/index.php?rest_route=%2Fwp%2Fv2%2Fcategories&post=1990"},{"taxonomy":"post_tag","embeddable":true,"href":"https:\/\/cultura.sma.gob.ar\/index.php?rest_route=%2Fwp%2Fv2%2Ftags&post=1990"}],"curies":[{"name":"wp","href":"https:\/\/api.w.org\/{rel}","templated":true}]}}