{"id":1987,"date":"2021-08-05T09:32:57","date_gmt":"2021-08-05T12:32:57","guid":{"rendered":"http:\/\/cultura.sma.gob.ar\/?p=1987"},"modified":"2021-08-05T09:32:57","modified_gmt":"2021-08-05T12:32:57","slug":"la-sala-lidaura-chapitel-despide-su-exposicion-actual-con-una-actividad-especial","status":"publish","type":"post","link":"https:\/\/cultura.sma.gob.ar\/?p=1987","title":{"rendered":"La Sala Lidaura Chapitel despide su exposici\u00f3n actual con una actividad especial"},"content":{"rendered":"\n<p><strong>Paron\u00e1micas vitales: <\/strong>Di\u00e1logos, m\u00fasica y brindis<\/p>\n\n\n\n<p><strong>11 de agosto a las 18 hs. Entrada libre y gratuita.<\/strong><\/p>\n\n\n\n<p>Un encuentro de intercambio de saberes entre los artistas Chaby Linares, Tuty Moreno Campos, Nicol\u00e1s Radano, junto a la percusi\u00f3n de Laura Regueira y m\u00fasicos invitados. Un acercamiento a sus pr\u00e1cticas art\u00edsticas , experiencias y sus medios de creaci\u00f3n en una conversaci\u00f3n con el p\u00fablico.<\/p>\n\n\n\n<p>Esta actividad oficia de cierre de las exposiciones: La Huida; An\u00edmico; Los monos brillan cuando juegan con fuego.\u00a0<\/p>\n\n\n\n<div class=\"wp-block-image is-style-default\"><figure class=\"aligncenter size-large\"><img loading=\"lazy\" decoding=\"async\" width=\"1024\" height=\"1024\" src=\"http:\/\/cultura.sma.gob.ar\/wp-content\/uploads\/2021\/07\/flyer-radano-1024x1024.jpg\" alt=\"\" class=\"wp-image-1848\" srcset=\"https:\/\/cultura.sma.gob.ar\/wp-content\/uploads\/2021\/07\/flyer-radano-1024x1024.jpg 1024w, https:\/\/cultura.sma.gob.ar\/wp-content\/uploads\/2021\/07\/flyer-radano-300x300.jpg 300w, https:\/\/cultura.sma.gob.ar\/wp-content\/uploads\/2021\/07\/flyer-radano-150x150.jpg 150w, https:\/\/cultura.sma.gob.ar\/wp-content\/uploads\/2021\/07\/flyer-radano-768x768.jpg 768w, https:\/\/cultura.sma.gob.ar\/wp-content\/uploads\/2021\/07\/flyer-radano-1536x1536.jpg 1536w, https:\/\/cultura.sma.gob.ar\/wp-content\/uploads\/2021\/07\/flyer-radano-90x90.jpg 90w, https:\/\/cultura.sma.gob.ar\/wp-content\/uploads\/2021\/07\/flyer-radano.jpg 1875w\" sizes=\"auto, (max-width: 1024px) 100vw, 1024px\" \/><\/figure><\/div>\n","protected":false},"excerpt":{"rendered":"<p>11 de agosto, 18hs, con entrada libre y gratuita. <a href=\"https:\/\/cultura.sma.gob.ar\/?p=1987\" class=\"more-link\">Continue reading <span class=\"screen-reader-text\">La Sala Lidaura Chapitel despide su exposici\u00f3n actual con una actividad especial<\/span><\/a><\/p>\n","protected":false},"author":1,"featured_media":295,"comment_status":"closed","ping_status":"","sticky":false,"template":"","format":"image","meta":{"footnotes":""},"categories":[6],"tags":[63,64],"class_list":["post-1987","post","type-post","status-publish","format-image","has-post-thumbnail","hentry","category-sala-lidaura-chapitel","tag-actividad-gratuita","tag-cierre-de-expo","post_format-post-format-image"],"_links":{"self":[{"href":"https:\/\/cultura.sma.gob.ar\/index.php?rest_route=\/wp\/v2\/posts\/1987","targetHints":{"allow":["GET"]}}],"collection":[{"href":"https:\/\/cultura.sma.gob.ar\/index.php?rest_route=\/wp\/v2\/posts"}],"about":[{"href":"https:\/\/cultura.sma.gob.ar\/index.php?rest_route=\/wp\/v2\/types\/post"}],"author":[{"embeddable":true,"href":"https:\/\/cultura.sma.gob.ar\/index.php?rest_route=\/wp\/v2\/users\/1"}],"replies":[{"embeddable":true,"href":"https:\/\/cultura.sma.gob.ar\/index.php?rest_route=%2Fwp%2Fv2%2Fcomments&post=1987"}],"version-history":[{"count":1,"href":"https:\/\/cultura.sma.gob.ar\/index.php?rest_route=\/wp\/v2\/posts\/1987\/revisions"}],"predecessor-version":[{"id":1988,"href":"https:\/\/cultura.sma.gob.ar\/index.php?rest_route=\/wp\/v2\/posts\/1987\/revisions\/1988"}],"wp:featuredmedia":[{"embeddable":true,"href":"https:\/\/cultura.sma.gob.ar\/index.php?rest_route=\/wp\/v2\/media\/295"}],"wp:attachment":[{"href":"https:\/\/cultura.sma.gob.ar\/index.php?rest_route=%2Fwp%2Fv2%2Fmedia&parent=1987"}],"wp:term":[{"taxonomy":"category","embeddable":true,"href":"https:\/\/cultura.sma.gob.ar\/index.php?rest_route=%2Fwp%2Fv2%2Fcategories&post=1987"},{"taxonomy":"post_tag","embeddable":true,"href":"https:\/\/cultura.sma.gob.ar\/index.php?rest_route=%2Fwp%2Fv2%2Ftags&post=1987"}],"curies":[{"name":"wp","href":"https:\/\/api.w.org\/{rel}","templated":true}]}}