{"id":1978,"date":"2021-08-04T09:10:44","date_gmt":"2021-08-04T12:10:44","guid":{"rendered":"http:\/\/cultura.sma.gob.ar\/?p=1978"},"modified":"2021-08-04T09:10:44","modified_gmt":"2021-08-04T12:10:44","slug":"chipa-rumbo-antartida-proyeccion-por-el-dia-del-montanes","status":"publish","type":"post","link":"https:\/\/cultura.sma.gob.ar\/?p=1978","title":{"rendered":"&#8220;Chip\u00e1 Rumbo Ant\u00e1rtida&#8221;: proyecci\u00f3n por el D\u00eda del Monta\u00f1\u00e9s"},"content":{"rendered":"\n<figure class=\"wp-block-image size-large\"><img loading=\"lazy\" decoding=\"async\" width=\"1024\" height=\"1024\" src=\"http:\/\/cultura.sma.gob.ar\/wp-content\/uploads\/2021\/08\/IMG-20210803-WA0033-1024x1024.jpg\" alt=\"\" class=\"wp-image-1981\" srcset=\"https:\/\/cultura.sma.gob.ar\/wp-content\/uploads\/2021\/08\/IMG-20210803-WA0033-1024x1024.jpg 1024w, https:\/\/cultura.sma.gob.ar\/wp-content\/uploads\/2021\/08\/IMG-20210803-WA0033-300x300.jpg 300w, https:\/\/cultura.sma.gob.ar\/wp-content\/uploads\/2021\/08\/IMG-20210803-WA0033-150x150.jpg 150w, https:\/\/cultura.sma.gob.ar\/wp-content\/uploads\/2021\/08\/IMG-20210803-WA0033-768x768.jpg 768w, https:\/\/cultura.sma.gob.ar\/wp-content\/uploads\/2021\/08\/IMG-20210803-WA0033-90x90.jpg 90w, https:\/\/cultura.sma.gob.ar\/wp-content\/uploads\/2021\/08\/IMG-20210803-WA0033.jpg 1280w\" sizes=\"auto, (max-width: 1024px) 100vw, 1024px\" \/><\/figure>\n\n\n\n<p>Este &#8220;D\u00eda del Monta\u00f1\u00e9s&#8221; lo celebramos en nuestra sala con dos imperdibles mediometrajes realizados en nuestra zona:<\/p>\n\n\n\n<p>&#8220;CHIP\u00c1 RUMBO ANT\u00c1RTIDA&#8221; &#8211; Dir: Marco Gasparini (San Mart\u00edn de los Andes)<br>Febrero 2020, San Martin de los Andes, Patagonia. Cuatro amigos que conforman el grupo \u00a8Chip\u00e1\u00a8, en un d\u00eda de escalada com\u00fan y corriente, deciden proponerse un proyecto\/desaf\u00edo: ir a esquiar a la Ant\u00e1rtida. El entrenamiento comienza, como as\u00ed tambi\u00e9n la nieve llega al pueblo, y las salidas de esqu\u00ed de monta\u00f1a se vuelven rutina en medio de interrogatorios, prohibiciones, cuarentenas y denuncias en una pandemia ya instalada. El Chip\u00e1Team solo sabe que si el objetivo no se cumple, lo importante siempre es el camino.<\/p>\n\n\n\n<blockquote class=\"wp-block-quote is-layout-flow wp-block-quote-is-layout-flow\"><p>Ver trailer ac\u00e1<\/p><cite><a rel=\"noreferrer noopener\" target=\"_blank\" href=\"https:\/\/youtu.be\/UnQrG9WJnL4\">https:\/\/youtu.be\/UnQrG9WJnL4<\/a><\/cite><\/blockquote>\n\n\n\n<p>Adem\u00e1s se proyectar\u00e1 &#8220;CERCA&#8221; &#8211; Dir: Matias Radaelli y Matias Schmitt.<\/p>\n\n\n\n<p>Entrada General $400.- Cupos limitados.<\/p>\n","protected":false},"excerpt":{"rendered":"<p>5 de agosto a las 19hs estreno en el Centro Cultural Cotesma. <a href=\"https:\/\/cultura.sma.gob.ar\/?p=1978\" class=\"more-link\">Continue reading <span class=\"screen-reader-text\">&#8220;Chip\u00e1 Rumbo Ant\u00e1rtida&#8221;: proyecci\u00f3n por el D\u00eda del Monta\u00f1\u00e9s<\/span><\/a><\/p>\n","protected":false},"author":1,"featured_media":297,"comment_status":"closed","ping_status":"","sticky":false,"template":"","format":"image","meta":{"footnotes":""},"categories":[2],"tags":[],"class_list":["post-1978","post","type-post","status-publish","format-image","has-post-thumbnail","hentry","category-ciudad-cultural","post_format-post-format-image"],"_links":{"self":[{"href":"https:\/\/cultura.sma.gob.ar\/index.php?rest_route=\/wp\/v2\/posts\/1978","targetHints":{"allow":["GET"]}}],"collection":[{"href":"https:\/\/cultura.sma.gob.ar\/index.php?rest_route=\/wp\/v2\/posts"}],"about":[{"href":"https:\/\/cultura.sma.gob.ar\/index.php?rest_route=\/wp\/v2\/types\/post"}],"author":[{"embeddable":true,"href":"https:\/\/cultura.sma.gob.ar\/index.php?rest_route=\/wp\/v2\/users\/1"}],"replies":[{"embeddable":true,"href":"https:\/\/cultura.sma.gob.ar\/index.php?rest_route=%2Fwp%2Fv2%2Fcomments&post=1978"}],"version-history":[{"count":3,"href":"https:\/\/cultura.sma.gob.ar\/index.php?rest_route=\/wp\/v2\/posts\/1978\/revisions"}],"predecessor-version":[{"id":1982,"href":"https:\/\/cultura.sma.gob.ar\/index.php?rest_route=\/wp\/v2\/posts\/1978\/revisions\/1982"}],"wp:featuredmedia":[{"embeddable":true,"href":"https:\/\/cultura.sma.gob.ar\/index.php?rest_route=\/wp\/v2\/media\/297"}],"wp:attachment":[{"href":"https:\/\/cultura.sma.gob.ar\/index.php?rest_route=%2Fwp%2Fv2%2Fmedia&parent=1978"}],"wp:term":[{"taxonomy":"category","embeddable":true,"href":"https:\/\/cultura.sma.gob.ar\/index.php?rest_route=%2Fwp%2Fv2%2Fcategories&post=1978"},{"taxonomy":"post_tag","embeddable":true,"href":"https:\/\/cultura.sma.gob.ar\/index.php?rest_route=%2Fwp%2Fv2%2Ftags&post=1978"}],"curies":[{"name":"wp","href":"https:\/\/api.w.org\/{rel}","templated":true}]}}