{"id":197,"date":"2020-08-26T15:10:09","date_gmt":"2020-08-26T15:10:09","guid":{"rendered":"https:\/\/culturasma.wordpress.com\/?p=197"},"modified":"2020-09-24T20:01:04","modified_gmt":"2020-09-24T23:01:04","slug":"protagonistas-la-serie-de-entrevistas-que-homenajea-a-grandes-actores-del-concurso-de-hacheros-en-su-40-edicion","status":"publish","type":"post","link":"https:\/\/cultura.sma.gob.ar\/?p=197","title":{"rendered":"&#8220;Protagonistas&#8221;, la serie de entrevistas que homenajea a grandes actores del Concurso de Hacheros, en su 40\u00b0 edici\u00f3n."},"content":{"rendered":"\n<figure class=\"wp-block-image size-large\"><img decoding=\"async\" src=\"https:\/\/culturasma.files.wordpress.com\/2020\/08\/flyer-montanes.jpg?w=1024\" alt=\"\" class=\"wp-image-199\"\/><\/figure>\n\n\n\n<p>Este mes se celebrar\u00eda la <strong>40\u00b0 edici\u00f3n del Concurso de Hacheros de San Mart\u00edn de los Andes<\/strong>, en el marco de la Fiesta Nacional del Monta\u00f1\u00e9s. Por motivos de p\u00fablico conocimiento, no se puede llevar a cabo en este momento, pero vamos a aprovechar la fecha para recordar todo lo que significa este evento para nuestro pueblo.<\/p>\n\n\n\n<figure class=\"wp-block-image size-large\"><img decoding=\"async\" src=\"https:\/\/culturasma.files.wordpress.com\/2020\/08\/don-eberardo-hoepke-e-hijo.jpg?w=1024\" alt=\"\" class=\"wp-image-202\"\/><\/figure>\n\n\n\n<p>Con el prop\u00f3sito de homenajear a quienes formaron parte del concurso a lo largo de estos 40 a\u00f1os, del <strong>27 al 30 de agosto, a las 20hs, <\/strong>se estrenar\u00e1 en el canal de YouTube de la Secretar\u00eda de Cultura (<strong>Cultura SMAndes<\/strong>), un ciclo de <strong><a href=\"https:\/\/www.youtube.com\/watch?v=4Awb14E1BFU&amp;t=2s&amp;ab_channel=CulturaSMAndes\">entrevistas exclusivas a varios de sus protagonistas<\/a><\/strong>, con recuerdos, an\u00e9cdotas y reflexiones. Tambi\u00e9n podr\u00e1n verse por el canal local de <strong>Supercanal los d\u00edas 27, 28, 31 y 1\/9 a las 20hs.<\/strong><\/p>\n\n\n\n<figure class=\"wp-block-image size-large\"><img decoding=\"async\" src=\"https:\/\/culturasma.files.wordpress.com\/2020\/08\/flavio-correa-conductor.jpg?w=1024\" alt=\"\" class=\"wp-image-203\"\/><\/figure>\n\n\n\n<p>Las entrevistas estar\u00e1n a cargo del comunicador local Flavio Correa, que tambi\u00e9n ha sido locutor de este evento por muchos a\u00f1os. De estas charlas, tan cercanas y emotivas, participar\u00e1n Eberardo Hoepke, mentor del concurso y referente forestal de la regi\u00f3n, Alejandro Concha y Gerardo Vera, comprometidos colaboradores en la organizaci\u00f3n del evento, y tambi\u00e9n competidores como Leticia Lema y Osvaldo Sandoval.<\/p>\n\n\n\n<figure class=\"wp-block-image size-large\"><img decoding=\"async\" src=\"https:\/\/culturasma.files.wordpress.com\/2020\/08\/osvaldo-sandoval.jpg?w=1024\" alt=\"\" class=\"wp-image-204\"\/><\/figure>\n\n\n\n<p>El \u00faltimo entrevistado ser\u00e1 el propio Flavio Correa, ya que desde su rol de locutor se ha constituido en otro de los protagonistas del Concurso.<\/p>\n","protected":false},"excerpt":{"rendered":"<p>Ciclo de entrevistas por YouTube y Supercanal <a href=\"https:\/\/cultura.sma.gob.ar\/?p=197\" class=\"more-link\">Continue reading <span class=\"screen-reader-text\">&#8220;Protagonistas&#8221;, la serie de entrevistas que homenajea a grandes actores del Concurso de Hacheros, en su 40\u00b0 edici\u00f3n.<\/span><\/a><\/p>\n","protected":false},"author":3,"featured_media":296,"comment_status":"closed","ping_status":"closed","sticky":false,"template":"","format":"image","meta":{"footnotes":""},"categories":[3],"tags":[16,20,22],"class_list":["post-197","post","type-post","status-publish","format-image","has-post-thumbnail","hentry","category-eventos-cultura","tag-concurso-de-hacheros","tag-entrevistas","tag-eventos-online","post_format-post-format-image"],"_links":{"self":[{"href":"https:\/\/cultura.sma.gob.ar\/index.php?rest_route=\/wp\/v2\/posts\/197","targetHints":{"allow":["GET"]}}],"collection":[{"href":"https:\/\/cultura.sma.gob.ar\/index.php?rest_route=\/wp\/v2\/posts"}],"about":[{"href":"https:\/\/cultura.sma.gob.ar\/index.php?rest_route=\/wp\/v2\/types\/post"}],"author":[{"embeddable":true,"href":"https:\/\/cultura.sma.gob.ar\/index.php?rest_route=\/wp\/v2\/users\/3"}],"replies":[{"embeddable":true,"href":"https:\/\/cultura.sma.gob.ar\/index.php?rest_route=%2Fwp%2Fv2%2Fcomments&post=197"}],"version-history":[{"count":2,"href":"https:\/\/cultura.sma.gob.ar\/index.php?rest_route=\/wp\/v2\/posts\/197\/revisions"}],"predecessor-version":[{"id":314,"href":"https:\/\/cultura.sma.gob.ar\/index.php?rest_route=\/wp\/v2\/posts\/197\/revisions\/314"}],"wp:featuredmedia":[{"embeddable":true,"href":"https:\/\/cultura.sma.gob.ar\/index.php?rest_route=\/wp\/v2\/media\/296"}],"wp:attachment":[{"href":"https:\/\/cultura.sma.gob.ar\/index.php?rest_route=%2Fwp%2Fv2%2Fmedia&parent=197"}],"wp:term":[{"taxonomy":"category","embeddable":true,"href":"https:\/\/cultura.sma.gob.ar\/index.php?rest_route=%2Fwp%2Fv2%2Fcategories&post=197"},{"taxonomy":"post_tag","embeddable":true,"href":"https:\/\/cultura.sma.gob.ar\/index.php?rest_route=%2Fwp%2Fv2%2Ftags&post=197"}],"curies":[{"name":"wp","href":"https:\/\/api.w.org\/{rel}","templated":true}]}}