{"id":1958,"date":"2021-08-02T09:29:21","date_gmt":"2021-08-02T12:29:21","guid":{"rendered":"http:\/\/cultura.sma.gob.ar\/?p=1958"},"modified":"2021-08-02T09:29:46","modified_gmt":"2021-08-02T12:29:46","slug":"el-soplador-de-estrellas-para-el-dia-de-las-infancias-en-la-sala-amankay","status":"publish","type":"post","link":"https:\/\/cultura.sma.gob.ar\/?p=1958","title":{"rendered":"&#8220;El soplador de estrellas&#8221; para el D\u00eda de las Infancias en la Sala Amankay"},"content":{"rendered":"\n<figure class=\"wp-block-image size-large\"><img loading=\"lazy\" decoding=\"async\" width=\"723\" height=\"1024\" src=\"http:\/\/cultura.sma.gob.ar\/wp-content\/uploads\/2021\/08\/Flyer-El-Soplador-de-Estrellas-15-de-agosto-723x1024.jpg\" alt=\"\" class=\"wp-image-1959\" srcset=\"https:\/\/cultura.sma.gob.ar\/wp-content\/uploads\/2021\/08\/Flyer-El-Soplador-de-Estrellas-15-de-agosto-723x1024.jpg 723w, https:\/\/cultura.sma.gob.ar\/wp-content\/uploads\/2021\/08\/Flyer-El-Soplador-de-Estrellas-15-de-agosto-212x300.jpg 212w, https:\/\/cultura.sma.gob.ar\/wp-content\/uploads\/2021\/08\/Flyer-El-Soplador-de-Estrellas-15-de-agosto-768x1087.jpg 768w, https:\/\/cultura.sma.gob.ar\/wp-content\/uploads\/2021\/08\/Flyer-El-Soplador-de-Estrellas-15-de-agosto-64x90.jpg 64w, https:\/\/cultura.sma.gob.ar\/wp-content\/uploads\/2021\/08\/Flyer-El-Soplador-de-Estrellas-15-de-agosto.jpg 904w\" sizes=\"auto, (max-width: 723px) 100vw, 723px\" \/><\/figure>\n\n\n\n<p>El pr\u00f3ximo domingo 15 de Agosto a las 18:00hs en la Sala Amankay de nuestro querido Centro Cultural Cotesma, volveremos a disfrutar una hermosa jornada de teatro infantil con \u201cEL SOPLADOR DE ESTRELLAS\u201d. As\u00ed es, el D\u00eda de las Infancias lo celebramos con esta imperdible obra de Ricardo Talento, dirigida por Eleonora Arias y protagonizada por Lucrecia Panzia y Guido Bot\u00edn.<\/p>\n\n\n\n<p><em>En medio de extra\u00f1os inventos, y en un desesperado af\u00e1n por querer salvar a la humanidad de las cat\u00e1strofes que la asuelan, alguien apaga una estrella\u2026 y luego otra, y una m\u00e1s.<br>\u00bfQu\u00e9 ocurre en esa terraza? \u00bfQui\u00e9n extingue las luces del firmamento?<br>Mientras tanto, abajo, en la Tierra, todo sigue igual y se evidencia la inutilidad del sacrificio astron\u00f3mico.<br>Los personajes descubrir\u00e1n que &#8220;a los deseos, para que se cumplan, hay que ayudarlos un poco&#8221;<\/em><\/p>\n\n\n\n<p>-S\u00cdNTESIS ARGUMENTAL DE LA PROPUESTA: Sobre una terraza, una cient\u00edfica enredada en sus extra\u00f1os inventos, formula tres, cuatro, mil deseos para salvar a la humanidad de las cat\u00e1strofes que la asuelan&#8230; y apaga una estrella. Una a una, va extinguiendo las luces de esas lejanas velas del firmamento, en su desesperado af\u00e1n por realizar sus sue\u00f1os de utop\u00eda. Pero abajo, en la Tierra, todo sigue igual. Har\u00e1 falta que llegue un asistente para que quede en evidencia la inutilidad del sacrificio astron\u00f3mico. La obra se proyecta como un cuento, para las generaciones que reci\u00e9n se asoman a las butacas. Un tono po\u00e9tico flota sobre los di\u00e1logos que construyen y resuelven el conflicto sobre el mirador. La puesta potencia a la vez el humor latente en cada escena, eficazmente apoyado por m\u00fasica y escenograf\u00eda. Los actores juegan sus personajes en clave de clown, sin narices ni pelucas.<\/p>\n\n\n\n<p>Entradas Anticipadas $400.- El mismo D\u00eda $450.- En venta en la boleteria del Centro Cultural Cotesma.<\/p>\n","protected":false},"excerpt":{"rendered":"<p>Domingo 15 de agosto a las 18hs. <a href=\"https:\/\/cultura.sma.gob.ar\/?p=1958\" class=\"more-link\">Continue reading <span class=\"screen-reader-text\">&#8220;El soplador de estrellas&#8221; para el D\u00eda de las Infancias en la Sala Amankay<\/span><\/a><\/p>\n","protected":false},"author":1,"featured_media":297,"comment_status":"closed","ping_status":"","sticky":false,"template":"","format":"image","meta":{"footnotes":""},"categories":[2],"tags":[],"class_list":["post-1958","post","type-post","status-publish","format-image","has-post-thumbnail","hentry","category-ciudad-cultural","post_format-post-format-image"],"_links":{"self":[{"href":"https:\/\/cultura.sma.gob.ar\/index.php?rest_route=\/wp\/v2\/posts\/1958","targetHints":{"allow":["GET"]}}],"collection":[{"href":"https:\/\/cultura.sma.gob.ar\/index.php?rest_route=\/wp\/v2\/posts"}],"about":[{"href":"https:\/\/cultura.sma.gob.ar\/index.php?rest_route=\/wp\/v2\/types\/post"}],"author":[{"embeddable":true,"href":"https:\/\/cultura.sma.gob.ar\/index.php?rest_route=\/wp\/v2\/users\/1"}],"replies":[{"embeddable":true,"href":"https:\/\/cultura.sma.gob.ar\/index.php?rest_route=%2Fwp%2Fv2%2Fcomments&post=1958"}],"version-history":[{"count":1,"href":"https:\/\/cultura.sma.gob.ar\/index.php?rest_route=\/wp\/v2\/posts\/1958\/revisions"}],"predecessor-version":[{"id":1960,"href":"https:\/\/cultura.sma.gob.ar\/index.php?rest_route=\/wp\/v2\/posts\/1958\/revisions\/1960"}],"wp:featuredmedia":[{"embeddable":true,"href":"https:\/\/cultura.sma.gob.ar\/index.php?rest_route=\/wp\/v2\/media\/297"}],"wp:attachment":[{"href":"https:\/\/cultura.sma.gob.ar\/index.php?rest_route=%2Fwp%2Fv2%2Fmedia&parent=1958"}],"wp:term":[{"taxonomy":"category","embeddable":true,"href":"https:\/\/cultura.sma.gob.ar\/index.php?rest_route=%2Fwp%2Fv2%2Fcategories&post=1958"},{"taxonomy":"post_tag","embeddable":true,"href":"https:\/\/cultura.sma.gob.ar\/index.php?rest_route=%2Fwp%2Fv2%2Ftags&post=1958"}],"curies":[{"name":"wp","href":"https:\/\/api.w.org\/{rel}","templated":true}]}}