{"id":1952,"date":"2021-08-02T09:09:08","date_gmt":"2021-08-02T12:09:08","guid":{"rendered":"http:\/\/cultura.sma.gob.ar\/?p=1952"},"modified":"2021-08-02T09:09:08","modified_gmt":"2021-08-02T12:09:08","slug":"las-cuatro-estaciones-nueva-funcion","status":"publish","type":"post","link":"https:\/\/cultura.sma.gob.ar\/?p=1952","title":{"rendered":"&#8220;Las cuatro estaciones&#8221;: nueva funci\u00f3n"},"content":{"rendered":"\n<figure class=\"wp-block-image size-large\"><img loading=\"lazy\" decoding=\"async\" width=\"790\" height=\"1024\" src=\"http:\/\/cultura.sma.gob.ar\/wp-content\/uploads\/2021\/08\/Flyer-Las-4-Estaciones-aGOSTO-2021-790x1024.jpg\" alt=\"\" class=\"wp-image-1953\" srcset=\"https:\/\/cultura.sma.gob.ar\/wp-content\/uploads\/2021\/08\/Flyer-Las-4-Estaciones-aGOSTO-2021-790x1024.jpg 790w, https:\/\/cultura.sma.gob.ar\/wp-content\/uploads\/2021\/08\/Flyer-Las-4-Estaciones-aGOSTO-2021-232x300.jpg 232w, https:\/\/cultura.sma.gob.ar\/wp-content\/uploads\/2021\/08\/Flyer-Las-4-Estaciones-aGOSTO-2021-768x995.jpg 768w, https:\/\/cultura.sma.gob.ar\/wp-content\/uploads\/2021\/08\/Flyer-Las-4-Estaciones-aGOSTO-2021-69x90.jpg 69w, https:\/\/cultura.sma.gob.ar\/wp-content\/uploads\/2021\/08\/Flyer-Las-4-Estaciones-aGOSTO-2021.jpg 988w\" sizes=\"auto, (max-width: 790px) 100vw, 790px\" \/><\/figure>\n\n\n\n<p><strong>El s\u00e1bado 14 de agosto vuelve \u201cLas 4 Estaciones\u201d al Centro Cultural Cotesma, con funciones a las 19:00 hs. y a las 21:00 hs. <\/strong>Esta vez con nuevos bailarines y nuevos personajes.<br><br>\u201cLas 4 Estaciones\u201d es una obra de danza contempor\u00e1nea escrita por Natalia Lamberti y Neftal\u00ed Villalba e interpretada por 20 bailarines del elenco de \u201cParadise Ballet\u201d.<br><br>En escena:<br>Alexei Samek;<br>Belen Alcaraz;<br>Bel\u00e9n Castilla;<br>Catalina Alfaro;<br>Candela Feryala;<br>Florencia Juarez;<br>Guadalupe Mariosa;<br>In\u00e9s Guti\u00e9rrez Pechemiel;<br>Indra Arias;<br>Katherina G\u00f3mez Moreira;<br>Leonel Prada;<br>Mat\u00edas Bohn;<br>Morena Coletti;<br>Martina Perez Curruhuinca;<br>Maite Berninzoni;<br>Romina Farias;<br>Sofia Conde Zoe Vasallo;<br>Valentina Tytelman;<br>Victoria Seery<br><br>Direcci\u00f3n: Natalia Lamberti.<\/p>\n\n\n\n<p>Esta obra est\u00e1 musicalizada casi en su totalidad por los conciertos de las 4 estaciones de Antonio Vivaldi, y su creaci\u00f3n fue inspirada en los poemas de las estaciones que Vivaldi public\u00f3 con dichos conciertos.<\/p>\n\n\n\n<p><em>\u201cA medida que van transcurriendo las 4 estaciones y el clima y el ambiente van mutando, podemos observar a los hermanos C\u00e9firo (Viento del Oeste) y B\u00f3reas (viento del norte), competir por el amor de la dulce Jacinta. C\u00e9firo contar\u00e1 con la ayuda de las bestias, ninfas que este hab\u00eda capturado, sometido y tomado bajo su poder. B\u00f3reas, en cambio, contar\u00e1 con la ayuda de las apolas, las cu\u00e1les son bestias que este rescat\u00f3 del cruel dominio de su hermano.<\/em><\/p>\n\n\n\n<p><em>Por otro lado, las 4 hermanas (Primavera, Oto\u00f1o, verano e Invierno), son \u00edntimas amigas de Jacinta, por lo cual luchar\u00e1n y har\u00e1n cualquier cosa para defenderla y restaurar el orden de las 4 estaciones. Sin embargo, Verano genera un fuerte amor y admiraci\u00f3n hacia C\u00e9firo, lo cual nubla su juicio y genera conflictos entre las hermanas.<\/em><\/p>\n\n\n\n<p><em>Mientras tanto, las cazadoras intentar\u00e1n a toda costa terminar con el caos y la destrucci\u00f3n que las bestias ocasionan.\u201d<\/em><\/p>\n\n\n\n<p>Entradas anticipadas $500.- El mismo d\u00eda $600.- EN venta en la boleteria del Centro Cultural Cotesma.<br>Cupos Limitados.<\/p>\n","protected":false},"excerpt":{"rendered":"<p>S\u00e1bado 14 a las 19hs y a las 21hs. <a href=\"https:\/\/cultura.sma.gob.ar\/?p=1952\" class=\"more-link\">Continue reading <span class=\"screen-reader-text\">&#8220;Las cuatro estaciones&#8221;: nueva funci\u00f3n<\/span><\/a><\/p>\n","protected":false},"author":1,"featured_media":297,"comment_status":"closed","ping_status":"","sticky":false,"template":"","format":"image","meta":{"footnotes":""},"categories":[2],"tags":[],"class_list":["post-1952","post","type-post","status-publish","format-image","has-post-thumbnail","hentry","category-ciudad-cultural","post_format-post-format-image"],"_links":{"self":[{"href":"https:\/\/cultura.sma.gob.ar\/index.php?rest_route=\/wp\/v2\/posts\/1952","targetHints":{"allow":["GET"]}}],"collection":[{"href":"https:\/\/cultura.sma.gob.ar\/index.php?rest_route=\/wp\/v2\/posts"}],"about":[{"href":"https:\/\/cultura.sma.gob.ar\/index.php?rest_route=\/wp\/v2\/types\/post"}],"author":[{"embeddable":true,"href":"https:\/\/cultura.sma.gob.ar\/index.php?rest_route=\/wp\/v2\/users\/1"}],"replies":[{"embeddable":true,"href":"https:\/\/cultura.sma.gob.ar\/index.php?rest_route=%2Fwp%2Fv2%2Fcomments&post=1952"}],"version-history":[{"count":1,"href":"https:\/\/cultura.sma.gob.ar\/index.php?rest_route=\/wp\/v2\/posts\/1952\/revisions"}],"predecessor-version":[{"id":1954,"href":"https:\/\/cultura.sma.gob.ar\/index.php?rest_route=\/wp\/v2\/posts\/1952\/revisions\/1954"}],"wp:featuredmedia":[{"embeddable":true,"href":"https:\/\/cultura.sma.gob.ar\/index.php?rest_route=\/wp\/v2\/media\/297"}],"wp:attachment":[{"href":"https:\/\/cultura.sma.gob.ar\/index.php?rest_route=%2Fwp%2Fv2%2Fmedia&parent=1952"}],"wp:term":[{"taxonomy":"category","embeddable":true,"href":"https:\/\/cultura.sma.gob.ar\/index.php?rest_route=%2Fwp%2Fv2%2Fcategories&post=1952"},{"taxonomy":"post_tag","embeddable":true,"href":"https:\/\/cultura.sma.gob.ar\/index.php?rest_route=%2Fwp%2Fv2%2Ftags&post=1952"}],"curies":[{"name":"wp","href":"https:\/\/api.w.org\/{rel}","templated":true}]}}