{"id":1948,"date":"2021-08-02T08:56:31","date_gmt":"2021-08-02T11:56:31","guid":{"rendered":"http:\/\/cultura.sma.gob.ar\/?p=1948"},"modified":"2021-08-02T08:56:31","modified_gmt":"2021-08-02T11:56:31","slug":"nuevo-taller-de-circo-y-acrobacia-aerea-para-ninos-adolescentes-y-adultos","status":"publish","type":"post","link":"https:\/\/cultura.sma.gob.ar\/?p=1948","title":{"rendered":"Nuevo taller de circo y acrobacia a\u00e9rea para ni\u00f1os, adolescentes y adultos"},"content":{"rendered":"\n<figure class=\"wp-block-image size-large\"><img loading=\"lazy\" decoding=\"async\" width=\"1000\" height=\"1000\" src=\"http:\/\/cultura.sma.gob.ar\/wp-content\/uploads\/2021\/08\/IMG-20210730-WA0020.jpg\" alt=\"\" class=\"wp-image-1949\" srcset=\"https:\/\/cultura.sma.gob.ar\/wp-content\/uploads\/2021\/08\/IMG-20210730-WA0020.jpg 1000w, https:\/\/cultura.sma.gob.ar\/wp-content\/uploads\/2021\/08\/IMG-20210730-WA0020-300x300.jpg 300w, https:\/\/cultura.sma.gob.ar\/wp-content\/uploads\/2021\/08\/IMG-20210730-WA0020-150x150.jpg 150w, https:\/\/cultura.sma.gob.ar\/wp-content\/uploads\/2021\/08\/IMG-20210730-WA0020-768x768.jpg 768w, https:\/\/cultura.sma.gob.ar\/wp-content\/uploads\/2021\/08\/IMG-20210730-WA0020-90x90.jpg 90w\" sizes=\"auto, (max-width: 1000px) 100vw, 1000px\" \/><\/figure>\n\n\n\n<p>Talleres de Circo y acrobacia a\u00e9rea para todas las edades en La Junta Vecinal &#8220;El Molino&#8221;Sal\u00f3n de Go\u00f1i &#8211; La Cascada.<\/p>\n\n\n\n<p><strong>Circo para ni\u00f1xs<\/strong>\u00a0entre 6 y 10 a\u00f1os Lunes y Miercoles de 18 a 19 hs<\/p>\n\n\n\n<p>En el taller a trav\u00e9s del juego realizaremos acrobacias de piso, a\u00e9reas (tela, trapecio)Malabares, monociclo.\u00a0 Las practicas circenses, estimulan las habilidades manipulativas de quienes las realizan, en una perspectiva que combina la exhibici\u00f3n de las virtudes t\u00e9cnicas con la expresividad, la gracia y la comunicaci\u00f3n de ideas, est\u00e9ticas y filosof\u00edas de vida.<\/p>\n\n\n\n<p><strong>Acrobacia A\u00e9rea para adolescentes<\/strong>\u00a0Lunes de 19 a 20 hs &#8211; Tela, trapecio y aro. <strong>Acrobacia A\u00e9rea para Adultxs<\/strong>\u00a0Lunes de 20 a 21:30 hs &#8211; Tela, trapecio y aro<\/p>\n\n\n\n<p>Los talleres los brindan Andrea Ferraris \u00a0&#8211; fb Andre Ferraris &#8211; ig\u00a0andre_ferraris_arg\u00a0&#8211; wap:+54911 49740346Maria Sol Lence &#8211; fb Maria Sol Lence &#8211; ig sol_destellos &#8211; wap:+5491131419544<br>No se requiere experiencia previa<\/p>\n","protected":false},"excerpt":{"rendered":"<p>Vecinal El Molino. Lunes y mi\u00e9rcoles, diferentes horarios. <a href=\"https:\/\/cultura.sma.gob.ar\/?p=1948\" class=\"more-link\">Continue reading <span class=\"screen-reader-text\">Nuevo taller de circo y acrobacia a\u00e9rea para ni\u00f1os, adolescentes y adultos<\/span><\/a><\/p>\n","protected":false},"author":1,"featured_media":297,"comment_status":"closed","ping_status":"","sticky":false,"template":"","format":"image","meta":{"footnotes":""},"categories":[2],"tags":[],"class_list":["post-1948","post","type-post","status-publish","format-image","has-post-thumbnail","hentry","category-ciudad-cultural","post_format-post-format-image"],"_links":{"self":[{"href":"https:\/\/cultura.sma.gob.ar\/index.php?rest_route=\/wp\/v2\/posts\/1948","targetHints":{"allow":["GET"]}}],"collection":[{"href":"https:\/\/cultura.sma.gob.ar\/index.php?rest_route=\/wp\/v2\/posts"}],"about":[{"href":"https:\/\/cultura.sma.gob.ar\/index.php?rest_route=\/wp\/v2\/types\/post"}],"author":[{"embeddable":true,"href":"https:\/\/cultura.sma.gob.ar\/index.php?rest_route=\/wp\/v2\/users\/1"}],"replies":[{"embeddable":true,"href":"https:\/\/cultura.sma.gob.ar\/index.php?rest_route=%2Fwp%2Fv2%2Fcomments&post=1948"}],"version-history":[{"count":1,"href":"https:\/\/cultura.sma.gob.ar\/index.php?rest_route=\/wp\/v2\/posts\/1948\/revisions"}],"predecessor-version":[{"id":1950,"href":"https:\/\/cultura.sma.gob.ar\/index.php?rest_route=\/wp\/v2\/posts\/1948\/revisions\/1950"}],"wp:featuredmedia":[{"embeddable":true,"href":"https:\/\/cultura.sma.gob.ar\/index.php?rest_route=\/wp\/v2\/media\/297"}],"wp:attachment":[{"href":"https:\/\/cultura.sma.gob.ar\/index.php?rest_route=%2Fwp%2Fv2%2Fmedia&parent=1948"}],"wp:term":[{"taxonomy":"category","embeddable":true,"href":"https:\/\/cultura.sma.gob.ar\/index.php?rest_route=%2Fwp%2Fv2%2Fcategories&post=1948"},{"taxonomy":"post_tag","embeddable":true,"href":"https:\/\/cultura.sma.gob.ar\/index.php?rest_route=%2Fwp%2Fv2%2Ftags&post=1948"}],"curies":[{"name":"wp","href":"https:\/\/api.w.org\/{rel}","templated":true}]}}