{"id":1941,"date":"2021-07-30T10:13:57","date_gmt":"2021-07-30T13:13:57","guid":{"rendered":"http:\/\/cultura.sma.gob.ar\/?p=1941"},"modified":"2021-07-30T10:13:57","modified_gmt":"2021-07-30T13:13:57","slug":"arte-en-accion-experiencias-creativas-en-artes-visuales","status":"publish","type":"post","link":"https:\/\/cultura.sma.gob.ar\/?p=1941","title":{"rendered":"Arte en acci\u00f3n: experiencias creativas en artes visuales"},"content":{"rendered":"\n<figure class=\"wp-block-image size-large\"><img loading=\"lazy\" decoding=\"async\" width=\"723\" height=\"1024\" src=\"http:\/\/cultura.sma.gob.ar\/wp-content\/uploads\/2021\/07\/IMG-20210729-WA0094-723x1024.jpg\" alt=\"\" class=\"wp-image-1942\" srcset=\"https:\/\/cultura.sma.gob.ar\/wp-content\/uploads\/2021\/07\/IMG-20210729-WA0094-723x1024.jpg 723w, https:\/\/cultura.sma.gob.ar\/wp-content\/uploads\/2021\/07\/IMG-20210729-WA0094-212x300.jpg 212w, https:\/\/cultura.sma.gob.ar\/wp-content\/uploads\/2021\/07\/IMG-20210729-WA0094-768x1087.jpg 768w, https:\/\/cultura.sma.gob.ar\/wp-content\/uploads\/2021\/07\/IMG-20210729-WA0094-64x90.jpg 64w, https:\/\/cultura.sma.gob.ar\/wp-content\/uploads\/2021\/07\/IMG-20210729-WA0094.jpg 904w\" sizes=\"auto, (max-width: 723px) 100vw, 723px\" \/><\/figure>\n\n\n\n<p><strong>Nuevo taller orientado a participantes de 11 a 13 a\u00f1os.<\/strong><\/p>\n\n\n\n<p>El trabajo de &#8220;arte en acci\u00f3n&#8221; es conocer y explorar modos de decor con im\u00e1genes y materiales, indagando t\u00e9cnicas y formatos. Analizar e investigar producciones de artistas y experimentar recursos para desarrollar una imagen propia.<\/p>\n\n\n\n<p><strong>Inscripci\u00f3n abierta. Dicta Claudia Fern\u00e1ndez, Lic. en artes visuales.<\/strong><\/p>\n\n\n\n<p><strong>Martes de 17 a 19 hs en Perito Moreno 943 Puerta 3- Espacio Artemisa<\/strong><\/p>\n","protected":false},"excerpt":{"rendered":"<p>Martes de 17 a 19hs &#8211; Inscripci\u00f3n abierta. <a href=\"https:\/\/cultura.sma.gob.ar\/?p=1941\" class=\"more-link\">Continue reading <span class=\"screen-reader-text\">Arte en acci\u00f3n: experiencias creativas en artes visuales<\/span><\/a><\/p>\n","protected":false},"author":1,"featured_media":297,"comment_status":"closed","ping_status":"","sticky":false,"template":"","format":"image","meta":{"footnotes":""},"categories":[2],"tags":[61],"class_list":["post-1941","post","type-post","status-publish","format-image","has-post-thumbnail","hentry","category-ciudad-cultural","tag-taller-artistico","post_format-post-format-image"],"_links":{"self":[{"href":"https:\/\/cultura.sma.gob.ar\/index.php?rest_route=\/wp\/v2\/posts\/1941","targetHints":{"allow":["GET"]}}],"collection":[{"href":"https:\/\/cultura.sma.gob.ar\/index.php?rest_route=\/wp\/v2\/posts"}],"about":[{"href":"https:\/\/cultura.sma.gob.ar\/index.php?rest_route=\/wp\/v2\/types\/post"}],"author":[{"embeddable":true,"href":"https:\/\/cultura.sma.gob.ar\/index.php?rest_route=\/wp\/v2\/users\/1"}],"replies":[{"embeddable":true,"href":"https:\/\/cultura.sma.gob.ar\/index.php?rest_route=%2Fwp%2Fv2%2Fcomments&post=1941"}],"version-history":[{"count":1,"href":"https:\/\/cultura.sma.gob.ar\/index.php?rest_route=\/wp\/v2\/posts\/1941\/revisions"}],"predecessor-version":[{"id":1943,"href":"https:\/\/cultura.sma.gob.ar\/index.php?rest_route=\/wp\/v2\/posts\/1941\/revisions\/1943"}],"wp:featuredmedia":[{"embeddable":true,"href":"https:\/\/cultura.sma.gob.ar\/index.php?rest_route=\/wp\/v2\/media\/297"}],"wp:attachment":[{"href":"https:\/\/cultura.sma.gob.ar\/index.php?rest_route=%2Fwp%2Fv2%2Fmedia&parent=1941"}],"wp:term":[{"taxonomy":"category","embeddable":true,"href":"https:\/\/cultura.sma.gob.ar\/index.php?rest_route=%2Fwp%2Fv2%2Fcategories&post=1941"},{"taxonomy":"post_tag","embeddable":true,"href":"https:\/\/cultura.sma.gob.ar\/index.php?rest_route=%2Fwp%2Fv2%2Ftags&post=1941"}],"curies":[{"name":"wp","href":"https:\/\/api.w.org\/{rel}","templated":true}]}}