{"id":1935,"date":"2021-07-30T10:06:24","date_gmt":"2021-07-30T13:06:24","guid":{"rendered":"http:\/\/cultura.sma.gob.ar\/?p=1935"},"modified":"2021-07-30T10:06:24","modified_gmt":"2021-07-30T13:06:24","slug":"el-artista-nos-cuenta","status":"publish","type":"post","link":"https:\/\/cultura.sma.gob.ar\/?p=1935","title":{"rendered":"EL ARTISTA NOS CUENTA"},"content":{"rendered":"\n<p>Ciclo de charlas por zoom con artistas pl\u00e1sticos de SMA. Organiza Asociaci\u00f3n Amigos de la Sala Lidaura Chapitel<\/p>\n\n\n\n<p><strong>Martes 3 de Agosto de 19 a 19.40 hs.:&nbsp; EMILIANO C\u00c9LIZ&nbsp;<\/strong><\/p>\n\n\n\n<div class=\"wp-block-image\"><figure class=\"aligncenter size-large\"><img loading=\"lazy\" decoding=\"async\" width=\"1024\" height=\"1024\" src=\"http:\/\/cultura.sma.gob.ar\/wp-content\/uploads\/2021\/07\/ciclo-charlas-01-Asoc-Amigos-de-la-Sala-1024x1024.jpg\" alt=\"\" class=\"wp-image-1936\" srcset=\"https:\/\/cultura.sma.gob.ar\/wp-content\/uploads\/2021\/07\/ciclo-charlas-01-Asoc-Amigos-de-la-Sala-1024x1024.jpg 1024w, https:\/\/cultura.sma.gob.ar\/wp-content\/uploads\/2021\/07\/ciclo-charlas-01-Asoc-Amigos-de-la-Sala-300x300.jpg 300w, https:\/\/cultura.sma.gob.ar\/wp-content\/uploads\/2021\/07\/ciclo-charlas-01-Asoc-Amigos-de-la-Sala-150x150.jpg 150w, https:\/\/cultura.sma.gob.ar\/wp-content\/uploads\/2021\/07\/ciclo-charlas-01-Asoc-Amigos-de-la-Sala-768x768.jpg 768w, https:\/\/cultura.sma.gob.ar\/wp-content\/uploads\/2021\/07\/ciclo-charlas-01-Asoc-Amigos-de-la-Sala-1536x1536.jpg 1536w, https:\/\/cultura.sma.gob.ar\/wp-content\/uploads\/2021\/07\/ciclo-charlas-01-Asoc-Amigos-de-la-Sala-90x90.jpg 90w, https:\/\/cultura.sma.gob.ar\/wp-content\/uploads\/2021\/07\/ciclo-charlas-01-Asoc-Amigos-de-la-Sala.jpg 1875w\" sizes=\"auto, (max-width: 1024px) 100vw, 1024px\" \/><\/figure><\/div>\n\n\n\n<p>La creatividad y el talento de Emiliano C\u00e9liz lo ha llevado a explorar, en el campo de la plater\u00eda, interesantes formas y&nbsp;texturas.&nbsp; Vive y trabaja en SMA.&nbsp; Su obra es reconocida en nuestro pa\u00eds, Europa y Estados&nbsp;Unidos.<\/p>\n\n\n\n<p><strong><em>INSCRIPCI\u00d3N mediante pago de $ 350 a nuestra cuenta:<\/em><\/strong><\/p>\n\n\n\n<p>Cuenta Corriente&nbsp;BPN<\/p>\n\n\n\n<p>Asociaci\u00f3n Amigos de la Sala Lidaura Chapitel<\/p>\n\n\n\n<p>CBU 0970005510008010100010<\/p>\n\n\n\n<p><strong><em>Socios de Amigos de la Sala Lidaura Chapitel sin costo.*<\/em><\/strong><\/p>\n\n\n\n<p><strong>Contacto consultas y confirmaci\u00f3n de participaci\u00f3n enviando comprobante de pago: &lt;<a href=\"mailto:amigossalalc@gmail.com\" target=\"_blank\" rel=\"noreferrer noopener\">amigossalalc@gmail.com<\/a>&gt;<\/strong><\/p>\n\n\n\n<p><strong>Los esperamos.<\/strong><\/p>\n\n\n\n<p>*Socios de Amigos de la Sala Lidaura Chapitel, se ruega demostrar tener&nbsp;cuota al d\u00eda.&nbsp; &nbsp;<\/p>\n\n\n\n<p>Cuota a\u00f1o 2021:\u00a0 $ 1800.- 6 meses:\u00a0 $ 900.-<\/p>\n","protected":false},"excerpt":{"rendered":"<p>Martes 3 de Agosto de 19 a 19.40 hs.:  EMILIANO C\u00c9LIZ &#8211; V\u00eda Zoom. <a href=\"https:\/\/cultura.sma.gob.ar\/?p=1935\" class=\"more-link\">Continue reading <span class=\"screen-reader-text\">EL ARTISTA NOS CUENTA<\/span><\/a><\/p>\n","protected":false},"author":1,"featured_media":1939,"comment_status":"closed","ping_status":"","sticky":false,"template":"","format":"image","meta":{"footnotes":""},"categories":[2,6],"tags":[60],"class_list":["post-1935","post","type-post","status-publish","format-image","has-post-thumbnail","hentry","category-ciudad-cultural","category-sala-lidaura-chapitel","tag-charlas","post_format-post-format-image"],"_links":{"self":[{"href":"https:\/\/cultura.sma.gob.ar\/index.php?rest_route=\/wp\/v2\/posts\/1935","targetHints":{"allow":["GET"]}}],"collection":[{"href":"https:\/\/cultura.sma.gob.ar\/index.php?rest_route=\/wp\/v2\/posts"}],"about":[{"href":"https:\/\/cultura.sma.gob.ar\/index.php?rest_route=\/wp\/v2\/types\/post"}],"author":[{"embeddable":true,"href":"https:\/\/cultura.sma.gob.ar\/index.php?rest_route=\/wp\/v2\/users\/1"}],"replies":[{"embeddable":true,"href":"https:\/\/cultura.sma.gob.ar\/index.php?rest_route=%2Fwp%2Fv2%2Fcomments&post=1935"}],"version-history":[{"count":1,"href":"https:\/\/cultura.sma.gob.ar\/index.php?rest_route=\/wp\/v2\/posts\/1935\/revisions"}],"predecessor-version":[{"id":1937,"href":"https:\/\/cultura.sma.gob.ar\/index.php?rest_route=\/wp\/v2\/posts\/1935\/revisions\/1937"}],"wp:featuredmedia":[{"embeddable":true,"href":"https:\/\/cultura.sma.gob.ar\/index.php?rest_route=\/wp\/v2\/media\/1939"}],"wp:attachment":[{"href":"https:\/\/cultura.sma.gob.ar\/index.php?rest_route=%2Fwp%2Fv2%2Fmedia&parent=1935"}],"wp:term":[{"taxonomy":"category","embeddable":true,"href":"https:\/\/cultura.sma.gob.ar\/index.php?rest_route=%2Fwp%2Fv2%2Fcategories&post=1935"},{"taxonomy":"post_tag","embeddable":true,"href":"https:\/\/cultura.sma.gob.ar\/index.php?rest_route=%2Fwp%2Fv2%2Ftags&post=1935"}],"curies":[{"name":"wp","href":"https:\/\/api.w.org\/{rel}","templated":true}]}}