{"id":1927,"date":"2021-07-26T21:39:46","date_gmt":"2021-07-27T00:39:46","guid":{"rendered":"http:\/\/cultura.sma.gob.ar\/?p=1927"},"modified":"2021-07-26T21:39:46","modified_gmt":"2021-07-27T00:39:46","slug":"40-fiesta-nacional-del-montanes-abren-las-inscripciones-para-el-concurso-de-hacheros-hacheras-y-hacheritos","status":"publish","type":"post","link":"https:\/\/cultura.sma.gob.ar\/?p=1927","title":{"rendered":"40 Fiesta Nacional del Monta\u00f1\u00e9s: abren las inscripciones para el Concurso de Hacheros, Hacheras y Hacheritos"},"content":{"rendered":"\n<div class=\"wp-block-image\"><figure class=\"aligncenter size-large\"><img loading=\"lazy\" decoding=\"async\" width=\"1024\" height=\"1024\" src=\"http:\/\/cultura.sma.gob.ar\/wp-content\/uploads\/2021\/07\/montan\u0303es-01-1024x1024.jpg\" alt=\"\" class=\"wp-image-1928\" srcset=\"https:\/\/cultura.sma.gob.ar\/wp-content\/uploads\/2021\/07\/montan\u0303es-01-1024x1024.jpg 1024w, https:\/\/cultura.sma.gob.ar\/wp-content\/uploads\/2021\/07\/montan\u0303es-01-300x300.jpg 300w, https:\/\/cultura.sma.gob.ar\/wp-content\/uploads\/2021\/07\/montan\u0303es-01-150x150.jpg 150w, https:\/\/cultura.sma.gob.ar\/wp-content\/uploads\/2021\/07\/montan\u0303es-01-768x768.jpg 768w, https:\/\/cultura.sma.gob.ar\/wp-content\/uploads\/2021\/07\/montan\u0303es-01-90x90.jpg 90w, https:\/\/cultura.sma.gob.ar\/wp-content\/uploads\/2021\/07\/montan\u0303es-01.jpg 1250w\" sizes=\"auto, (max-width: 1024px) 100vw, 1024px\" \/><\/figure><\/div>\n\n\n\n<p>Atendiendo a la importancia que este evento tiene en la vida cultural de nuestra comunidad y a partir de los nuevos decretos habilitantes, la Secretar\u00eda de Cultura informa que vuelve a realizarse el tradicional Concurso de Hacheros, en una versi\u00f3n reducida, con cupos limitados y tres categor\u00edas.&nbsp;<\/p>\n\n\n\n<p><strong>La fecha del evento es el domingo 29 de agosto<\/strong> y en esta oportunidad, para garantizar el cumplimiento de los protocolos sanitarios y evitar las aglomeraciones de p\u00fablico, se har\u00e1 en el <strong>Club H\u00edpico Yamil Obeid<\/strong>.<\/p>\n\n\n\n<p>Por tal motivo se abre la inscripci\u00f3n para participar del concurso.<\/p>\n\n\n\n<p><strong>Las categor\u00edas<\/strong> que estar\u00e1n habilitadas en esta edici\u00f3n son: \u201cHacheros\u201d (varones mayores de 15 a\u00f1os) \u201cHacheras\u201d (mujeres mayores de 15 a\u00f1os) y \u201cHacheritos\u201d (ni\u00f1os o ni\u00f1as de entre 10 y 14 a\u00f1os).<\/p>\n\n\n\n<p>Los interesados podr\u00e1n inscribirse en la Secretar\u00eda de Cultura <strong>presentando documento<\/strong>, <strong>desde el martes 27 de julio y hasta el 20 de agosto,<\/strong> de lunes a viernes, de<strong> <\/strong>9hs a 14hs<strong> <\/strong>y de 16hs a 20hs (excepto los mi\u00e9rcoles que solo se har\u00e1 por la ma\u00f1ana).<\/p>\n","protected":false},"excerpt":{"rendered":"<p>Del 27 de julio al 20 de agosto. <a href=\"https:\/\/cultura.sma.gob.ar\/?p=1927\" class=\"more-link\">Continue reading <span class=\"screen-reader-text\">40 Fiesta Nacional del Monta\u00f1\u00e9s: abren las inscripciones para el Concurso de Hacheros, Hacheras y Hacheritos<\/span><\/a><\/p>\n","protected":false},"author":1,"featured_media":1930,"comment_status":"closed","ping_status":"","sticky":false,"template":"","format":"image","meta":{"footnotes":""},"categories":[3,9],"tags":[16],"class_list":["post-1927","post","type-post","status-publish","format-image","has-post-thumbnail","hentry","category-eventos-cultura","category-ultimas-noticias","tag-concurso-de-hacheros","post_format-post-format-image"],"_links":{"self":[{"href":"https:\/\/cultura.sma.gob.ar\/index.php?rest_route=\/wp\/v2\/posts\/1927","targetHints":{"allow":["GET"]}}],"collection":[{"href":"https:\/\/cultura.sma.gob.ar\/index.php?rest_route=\/wp\/v2\/posts"}],"about":[{"href":"https:\/\/cultura.sma.gob.ar\/index.php?rest_route=\/wp\/v2\/types\/post"}],"author":[{"embeddable":true,"href":"https:\/\/cultura.sma.gob.ar\/index.php?rest_route=\/wp\/v2\/users\/1"}],"replies":[{"embeddable":true,"href":"https:\/\/cultura.sma.gob.ar\/index.php?rest_route=%2Fwp%2Fv2%2Fcomments&post=1927"}],"version-history":[{"count":2,"href":"https:\/\/cultura.sma.gob.ar\/index.php?rest_route=\/wp\/v2\/posts\/1927\/revisions"}],"predecessor-version":[{"id":1931,"href":"https:\/\/cultura.sma.gob.ar\/index.php?rest_route=\/wp\/v2\/posts\/1927\/revisions\/1931"}],"wp:featuredmedia":[{"embeddable":true,"href":"https:\/\/cultura.sma.gob.ar\/index.php?rest_route=\/wp\/v2\/media\/1930"}],"wp:attachment":[{"href":"https:\/\/cultura.sma.gob.ar\/index.php?rest_route=%2Fwp%2Fv2%2Fmedia&parent=1927"}],"wp:term":[{"taxonomy":"category","embeddable":true,"href":"https:\/\/cultura.sma.gob.ar\/index.php?rest_route=%2Fwp%2Fv2%2Fcategories&post=1927"},{"taxonomy":"post_tag","embeddable":true,"href":"https:\/\/cultura.sma.gob.ar\/index.php?rest_route=%2Fwp%2Fv2%2Ftags&post=1927"}],"curies":[{"name":"wp","href":"https:\/\/api.w.org\/{rel}","templated":true}]}}