{"id":1922,"date":"2021-07-26T09:55:21","date_gmt":"2021-07-26T12:55:21","guid":{"rendered":"http:\/\/cultura.sma.gob.ar\/?p=1922"},"modified":"2021-07-26T09:55:21","modified_gmt":"2021-07-26T12:55:21","slug":"el-acompanamiento-la-obra-de-carlos-gorostiza-en-el-teatro-san-jose","status":"publish","type":"post","link":"https:\/\/cultura.sma.gob.ar\/?p=1922","title":{"rendered":"&#8220;El acompa\u00f1amiento&#8221;: la obra de Carlos Gorostiza, en el teatro San Jos\u00e9"},"content":{"rendered":"\n<div class=\"wp-block-image\"><figure class=\"aligncenter size-large\"><img loading=\"lazy\" decoding=\"async\" width=\"383\" height=\"538\" src=\"http:\/\/cultura.sma.gob.ar\/wp-content\/uploads\/2021\/07\/WhatsApp-Image-2021-07-23-at-10.02.30-1.jpeg\" alt=\"\" class=\"wp-image-1923\" srcset=\"https:\/\/cultura.sma.gob.ar\/wp-content\/uploads\/2021\/07\/WhatsApp-Image-2021-07-23-at-10.02.30-1.jpeg 383w, https:\/\/cultura.sma.gob.ar\/wp-content\/uploads\/2021\/07\/WhatsApp-Image-2021-07-23-at-10.02.30-1-214x300.jpeg 214w, https:\/\/cultura.sma.gob.ar\/wp-content\/uploads\/2021\/07\/WhatsApp-Image-2021-07-23-at-10.02.30-1-64x90.jpeg 64w\" sizes=\"auto, (max-width: 383px) 100vw, 383px\" \/><\/figure><\/div>\n\n\n\n<p>&#8220;El Acompa\u00f1amiento&#8221; de Carlos Gorostiza, es una obra que recorre conflictos y sue\u00f1os de un amigo y una amiga que transitaron caminos distintos y hoy se encuentran para hacerse las mismas preguntas que ayer. El trabajo, la familia, los deseos, la nostalgia y la soledad confluyen en escenas plagadas de emociones. Esta puesta en escena, \u00a0de la compa\u00f1\u00eda teatral PAUSA de Jun\u00edn de los Andes, es una adaptaci\u00f3n del texto original. Si bien el contexto en el que fue escrita &#8220;El Acompa\u00f1amiento&#8221; es distinto, pues nuestro pa\u00eds \u00a0estaba gobernado por una dictadura c\u00edvico-militar, hay im\u00e1genes que son universales y atemporales. &#8220;El Acompa\u00f1amiento&#8221; nos sirve para hacernos las mismas preguntas de siempre pero sobre todo, para darnos tiempo a una reflexi\u00f3n que generalmente no hacemos. \u00bfVos cre\u00e9s que los sue\u00f1os hay que cumplirlos?<br><br>En esta versi\u00f3n, act\u00faan Meru Pollitzer interpretando a Mirta, Leo D\u00edaz en el papel de Tuco; y es dirigida por Tino Am\u00e9zaga.<br><br><strong>La funci\u00f3n ser\u00e1 el s\u00e1bado 7 de agosto a las 21 hs en el Teatro San Jos\u00e9.Para p\u00fablico mayor de 13 a\u00f1os.<\/strong><\/p>\n\n\n\n<p><strong>Las entradas se reservan al +5492944933266 . \u00d3 se pueden retirar por el Teatro San Jos\u00e9 de 09 a 21 hs.\u00a0\u00a0Se cumplir\u00e1n todos los protocolos vigentes. Cupo limitado.<\/strong><\/p>\n","protected":false},"excerpt":{"rendered":"<p>S\u00e1bado 7 de agosto a las 21hs. Entradas a la venta. <a href=\"https:\/\/cultura.sma.gob.ar\/?p=1922\" class=\"more-link\">Continue reading <span class=\"screen-reader-text\">&#8220;El acompa\u00f1amiento&#8221;: la obra de Carlos Gorostiza, en el teatro San Jos\u00e9<\/span><\/a><\/p>\n","protected":false},"author":1,"featured_media":292,"comment_status":"closed","ping_status":"","sticky":false,"template":"","format":"image","meta":{"footnotes":""},"categories":[2,8],"tags":[46],"class_list":["post-1922","post","type-post","status-publish","format-image","has-post-thumbnail","hentry","category-ciudad-cultural","category-teatro-san-jose","tag-teatro","post_format-post-format-image"],"_links":{"self":[{"href":"https:\/\/cultura.sma.gob.ar\/index.php?rest_route=\/wp\/v2\/posts\/1922","targetHints":{"allow":["GET"]}}],"collection":[{"href":"https:\/\/cultura.sma.gob.ar\/index.php?rest_route=\/wp\/v2\/posts"}],"about":[{"href":"https:\/\/cultura.sma.gob.ar\/index.php?rest_route=\/wp\/v2\/types\/post"}],"author":[{"embeddable":true,"href":"https:\/\/cultura.sma.gob.ar\/index.php?rest_route=\/wp\/v2\/users\/1"}],"replies":[{"embeddable":true,"href":"https:\/\/cultura.sma.gob.ar\/index.php?rest_route=%2Fwp%2Fv2%2Fcomments&post=1922"}],"version-history":[{"count":1,"href":"https:\/\/cultura.sma.gob.ar\/index.php?rest_route=\/wp\/v2\/posts\/1922\/revisions"}],"predecessor-version":[{"id":1924,"href":"https:\/\/cultura.sma.gob.ar\/index.php?rest_route=\/wp\/v2\/posts\/1922\/revisions\/1924"}],"wp:featuredmedia":[{"embeddable":true,"href":"https:\/\/cultura.sma.gob.ar\/index.php?rest_route=\/wp\/v2\/media\/292"}],"wp:attachment":[{"href":"https:\/\/cultura.sma.gob.ar\/index.php?rest_route=%2Fwp%2Fv2%2Fmedia&parent=1922"}],"wp:term":[{"taxonomy":"category","embeddable":true,"href":"https:\/\/cultura.sma.gob.ar\/index.php?rest_route=%2Fwp%2Fv2%2Fcategories&post=1922"},{"taxonomy":"post_tag","embeddable":true,"href":"https:\/\/cultura.sma.gob.ar\/index.php?rest_route=%2Fwp%2Fv2%2Ftags&post=1922"}],"curies":[{"name":"wp","href":"https:\/\/api.w.org\/{rel}","templated":true}]}}