{"id":1913,"date":"2021-07-26T08:59:30","date_gmt":"2021-07-26T11:59:30","guid":{"rendered":"http:\/\/cultura.sma.gob.ar\/?p=1913"},"modified":"2021-07-26T08:59:30","modified_gmt":"2021-07-26T11:59:30","slug":"in-digo-presenta-su-nuevo-videoclip-no-te-retrases","status":"publish","type":"post","link":"https:\/\/cultura.sma.gob.ar\/?p=1913","title":{"rendered":"In-Digo presenta su nuevo videoclip: &#8220;No te retrases&#8221;"},"content":{"rendered":"\n<p>Vai Sottana: &#8220;Los inicios de la banda fueron en el a\u00f1o 2015.&nbsp;&nbsp;A lo largo de todos estos a\u00f1os hemos cambiado de formaci\u00f3n, hasta consolidar la formaci\u00f3n actual:<\/p>\n\n\n\n<p>Voz y composici\u00f3n-letras- visuales-arte: Vai Sottana;Guitarra y composici\u00f3n-m\u00fasica-arreglos-grabaci\u00f3n-sonido-mezcla: Diego Rodriguez; Bajo y arreglos: Laureano Vivas;Teclados: Santiago Gonzalez; Percusi\u00f3n: Sergio Narambuena y un \u00faltimo nuevo integrante que se uni\u00f3 hace muy poco en Bater\u00eda: Leo.<\/p>\n\n\n\n<p>Hacemos temas propios, de rock, fusionando otros estilos musicales como el funk, el blues, el ska, etc. Hemos tocado en bares locales y regionales, en Festivales varios, como en el Festival de la cerveza de Caviahue, Festival de la mujer en Villa la Angostura, en Mucha M\u00fasica festival, en el Festival Gato Negro en la ciudad de Neuqu\u00e9n, en Limay rock, entre otros.<br><br>Amamos lo que hacemos, la m\u00fasica es nuestra forma de ser felices. En el a\u00f1o 2019, lanzamos nuestro 1er disco: TRANSICI\u00d3N, con un subsidio del Inamu, con el que pudimos masterizarlo en un estudio en Bs As. Lo presentamos en el teatro San Jos\u00e9 ese mismo a\u00f1o, fu\u00e9 un gran momento. Durante bastante tiempo ahorramos dinero con la banda, de tocadas en vivo, del recital en el teatro, de gorras, etc. Y deseabamos poder realizar un trabajo audiovisual. Luego sucedi\u00f3 la Pandemia y todo tuvo que esperar un a\u00f1o. <\/p>\n\n\n\n<div class=\"wp-block-image\"><figure class=\"aligncenter size-large\"><img loading=\"lazy\" decoding=\"async\" width=\"1016\" height=\"1024\" src=\"http:\/\/cultura.sma.gob.ar\/wp-content\/uploads\/2021\/07\/flyer-1a-1016x1024.jpg\" alt=\"\" class=\"wp-image-1914\" srcset=\"https:\/\/cultura.sma.gob.ar\/wp-content\/uploads\/2021\/07\/flyer-1a-1016x1024.jpg 1016w, https:\/\/cultura.sma.gob.ar\/wp-content\/uploads\/2021\/07\/flyer-1a-298x300.jpg 298w, https:\/\/cultura.sma.gob.ar\/wp-content\/uploads\/2021\/07\/flyer-1a-150x150.jpg 150w, https:\/\/cultura.sma.gob.ar\/wp-content\/uploads\/2021\/07\/flyer-1a-768x774.jpg 768w, https:\/\/cultura.sma.gob.ar\/wp-content\/uploads\/2021\/07\/flyer-1a-89x90.jpg 89w, https:\/\/cultura.sma.gob.ar\/wp-content\/uploads\/2021\/07\/flyer-1a.jpg 1029w\" sizes=\"auto, (max-width: 1016px) 100vw, 1016px\" \/><\/figure><\/div>\n\n\n\n<p>De todos modos nunca dejamos de trabajar en la banda, de componer y de crear. Aunque no pod\u00edamos juntarnos a ensayar, siempre nos mantuvimos creando. Pas\u00f3 el tiempo y se liberaron las restricciones, asique era el momento para concretar. Fu\u00e9 todo bastante dificil ya que el covid tambi\u00e9n nos atravez\u00f3 a varixs integrantes de la banda, asi que fue un gran esfuerzo poder concretar.&nbsp;<\/p>\n\n\n\n<p>Decidimos grabar una nueva canci\u00f3n, para realizar el v\u00eddeo. Una que no est\u00e1 en el disco. Grabamos NO TE RETRASES.&nbsp;Diego, el guitarrista, adem\u00e1s es productor, y el nos fu\u00e9 grabando de a poco, primero la percusi\u00f3n, despu\u00e9s el bajo, luego las guitarras y por \u00faltimo las voces. Al tener ya el tema, ten\u00edamos que elegir quien nos iba a realizar el proyecto audiovisual y as\u00ed lo convocamos a Andr\u00e9s Archila, un genio y muy buena onda, que junto a Ana Laura Viciconto, fueron los realizadores del Video Clip, con su productora ARKADIO, Alkimia Digital.<\/p>\n\n\n\n<p>Creamos el v\u00eddeo entre todxs, y luego ellxs le pusieron su toque m\u00e1gico. La verdad, ambos cineastas son un lujo. Su buen humor, su trabajo. Fu\u00e9 realmente un trabajo entre amigxs, muchas risas y con mucho esfuerzo independiente.&nbsp;<\/p>\n\n\n\n<p>La letra de la canci\u00f3n, es muy positiva y habla de ir hacia adelante, de no retrasarse en cosas si no te hacen feliz. Por eso la ruta, el camino, que simboliza la vida como recorrido. Y por supuesto aprovechamos el paisaje que nos rodea, con un amanecer en la monta\u00f1a, vistas hermosas, la ruta 7 lagos, el bosque de las Taguas, y tanto color oto\u00f1al. Lo filmamos en oto\u00f1o, luego de las \u00faltimas restricciones despu\u00e9s del verano.<\/p>\n\n\n\n<p>Estamos felices de presentarles nuestro nuevo v\u00eddeo, y esperamos que lo disfruten, tanto como disfrutamos hacerlo.&#8221;  <\/p>\n\n\n\n<p><a href=\"https:\/\/youtu.be\/LPeOE6kfNB8\" data-type=\"URL\" data-id=\"https:\/\/youtu.be\/LPeOE6kfNB8\">VER VIDEOCLIP ACA<\/a><\/p>\n","protected":false},"excerpt":{"rendered":"<p>Disponible en YouTube. <a href=\"https:\/\/cultura.sma.gob.ar\/?p=1913\" class=\"more-link\">Continue reading <span class=\"screen-reader-text\">In-Digo presenta su nuevo videoclip: &#8220;No te retrases&#8221;<\/span><\/a><\/p>\n","protected":false},"author":1,"featured_media":297,"comment_status":"closed","ping_status":"","sticky":false,"template":"","format":"image","meta":{"footnotes":""},"categories":[2,9],"tags":[58,26,35],"class_list":["post-1913","post","type-post","status-publish","format-image","has-post-thumbnail","hentry","category-ciudad-cultural","category-ultimas-noticias","tag-audiovisual","tag-musica","tag-youtube","post_format-post-format-image"],"_links":{"self":[{"href":"https:\/\/cultura.sma.gob.ar\/index.php?rest_route=\/wp\/v2\/posts\/1913","targetHints":{"allow":["GET"]}}],"collection":[{"href":"https:\/\/cultura.sma.gob.ar\/index.php?rest_route=\/wp\/v2\/posts"}],"about":[{"href":"https:\/\/cultura.sma.gob.ar\/index.php?rest_route=\/wp\/v2\/types\/post"}],"author":[{"embeddable":true,"href":"https:\/\/cultura.sma.gob.ar\/index.php?rest_route=\/wp\/v2\/users\/1"}],"replies":[{"embeddable":true,"href":"https:\/\/cultura.sma.gob.ar\/index.php?rest_route=%2Fwp%2Fv2%2Fcomments&post=1913"}],"version-history":[{"count":2,"href":"https:\/\/cultura.sma.gob.ar\/index.php?rest_route=\/wp\/v2\/posts\/1913\/revisions"}],"predecessor-version":[{"id":1916,"href":"https:\/\/cultura.sma.gob.ar\/index.php?rest_route=\/wp\/v2\/posts\/1913\/revisions\/1916"}],"wp:featuredmedia":[{"embeddable":true,"href":"https:\/\/cultura.sma.gob.ar\/index.php?rest_route=\/wp\/v2\/media\/297"}],"wp:attachment":[{"href":"https:\/\/cultura.sma.gob.ar\/index.php?rest_route=%2Fwp%2Fv2%2Fmedia&parent=1913"}],"wp:term":[{"taxonomy":"category","embeddable":true,"href":"https:\/\/cultura.sma.gob.ar\/index.php?rest_route=%2Fwp%2Fv2%2Fcategories&post=1913"},{"taxonomy":"post_tag","embeddable":true,"href":"https:\/\/cultura.sma.gob.ar\/index.php?rest_route=%2Fwp%2Fv2%2Ftags&post=1913"}],"curies":[{"name":"wp","href":"https:\/\/api.w.org\/{rel}","templated":true}]}}